{"id":5874,"date":"2023-06-23T15:38:15","date_gmt":"2023-06-23T13:38:15","guid":{"rendered":"https:\/\/www.monbailleur.fr\/offres-emploi\/?p=5874"},"modified":"2023-06-23T15:38:17","modified_gmt":"2023-06-23T13:38:17","slug":"offres-emploi-domial","status":"publish","type":"post","link":"https:\/\/www.monbailleur.fr\/offres-emploi\/actu\/offres-emploi-domial","title":{"rendered":"De nouvelles offres d\u2019emploi chez Domial, filiale du Groupe Action Logement"},"content":{"rendered":"\n\n<div class=\"kk-star-ratings kksr-auto kksr-align-left kksr-valign-top\"\n    data-payload='{&quot;align&quot;:&quot;left&quot;,&quot;id&quot;:&quot;5874&quot;,&quot;slug&quot;:&quot;default&quot;,&quot;valign&quot;:&quot;top&quot;,&quot;ignore&quot;:&quot;&quot;,&quot;reference&quot;:&quot;auto&quot;,&quot;class&quot;:&quot;&quot;,&quot;count&quot;:&quot;2&quot;,&quot;legendonly&quot;:&quot;&quot;,&quot;readonly&quot;:&quot;&quot;,&quot;score&quot;:&quot;4.5&quot;,&quot;starsonly&quot;:&quot;&quot;,&quot;best&quot;:&quot;5&quot;,&quot;gap&quot;:&quot;5&quot;,&quot;greet&quot;:&quot;&quot;,&quot;legend&quot;:&quot;4.5\\\/5 - (2 votes)&quot;,&quot;size&quot;:&quot;24&quot;,&quot;title&quot;:&quot;De nouvelles offres d\u2019emploi chez Domial, filiale du Groupe Action Logement&quot;,&quot;width&quot;:&quot;128&quot;,&quot;_legend&quot;:&quot;{score}\\\/{best} - ({count} {votes})&quot;,&quot;font_factor&quot;:&quot;1.25&quot;}'>\n            \n<div class=\"kksr-stars\">\n    \n<div class=\"kksr-stars-inactive\">\n            <div class=\"kksr-star\" data-star=\"1\" style=\"padding-right: 5px\">\n            \n\n<div class=\"kksr-icon\" style=\"width: 24px; height: 24px;\"><\/div>\n        <\/div>\n            <div class=\"kksr-star\" data-star=\"2\" style=\"padding-right: 5px\">\n            \n\n<div class=\"kksr-icon\" style=\"width: 24px; height: 24px;\"><\/div>\n        <\/div>\n            <div class=\"kksr-star\" data-star=\"3\" style=\"padding-right: 5px\">\n            \n\n<div class=\"kksr-icon\" style=\"width: 24px; height: 24px;\"><\/div>\n        <\/div>\n            <div class=\"kksr-star\" data-star=\"4\" style=\"padding-right: 5px\">\n            \n\n<div class=\"kksr-icon\" style=\"width: 24px; height: 24px;\"><\/div>\n        <\/div>\n            <div class=\"kksr-star\" data-star=\"5\" style=\"padding-right: 5px\">\n            \n\n<div class=\"kksr-icon\" style=\"width: 24px; height: 24px;\"><\/div>\n        <\/div>\n    <\/div>\n    \n<div class=\"kksr-stars-active\" style=\"width: 128px;\">\n            <div class=\"kksr-star\" style=\"padding-right: 5px\">\n            \n\n<div class=\"kksr-icon\" style=\"width: 24px; height: 24px;\"><\/div>\n        <\/div>\n            <div class=\"kksr-star\" style=\"padding-right: 5px\">\n            \n\n<div class=\"kksr-icon\" style=\"width: 24px; height: 24px;\"><\/div>\n        <\/div>\n            <div class=\"kksr-star\" style=\"padding-right: 5px\">\n            \n\n<div class=\"kksr-icon\" style=\"width: 24px; height: 24px;\"><\/div>\n        <\/div>\n            <div class=\"kksr-star\" style=\"padding-right: 5px\">\n            \n\n<div class=\"kksr-icon\" style=\"width: 24px; height: 24px;\"><\/div>\n        <\/div>\n            <div class=\"kksr-star\" style=\"padding-right: 5px\">\n            \n\n<div class=\"kksr-icon\" style=\"width: 24px; height: 24px;\"><\/div>\n        <\/div>\n    <\/div>\n<\/div>\n                \n\n<div class=\"kksr-legend\" style=\"font-size: 19.2px;\">\n            4.5\/5 - (2 votes)    <\/div>\n    <\/div>\n<p>Premi\u00e8re Entreprise Sociale pour l\u2019Habitat d\u2019Alsace, <strong>Domial recrute<\/strong> chaque ann\u00e9e de nouveaux talents. Le bailleur propose des postes dans de nombreux <strong>m\u00e9tiers de l\u2019habitat social<\/strong>, pour tous types de profils.<\/p><!--more--><div id=\"ez-toc-container\" class=\"ez-toc-v2_0_74 counter-hierarchy ez-toc-counter ez-toc-grey ez-toc-container-direction\">\n<div class=\"ez-toc-title-container\">\n<p class=\"ez-toc-title\" style=\"cursor:inherit\">Table des mati\u00e8res<\/p>\n<span class=\"ez-toc-title-toggle\"><\/span><\/div>\n<nav><ul class='ez-toc-list ez-toc-list-level-1 ' ><li class='ez-toc-page-1 ez-toc-heading-level-2'><a class=\"ez-toc-link ez-toc-heading-1\" href=\"https:\/\/www.monbailleur.fr\/offres-emploi\/actu\/offres-emploi-domial\/#une-entreprise-dynamique-qui-recrute-regulierement\" >Une entreprise dynamique, qui recrute r\u00e9guli\u00e8rement<\/a><\/li><li class='ez-toc-page-1 ez-toc-heading-level-2'><a class=\"ez-toc-link ez-toc-heading-2\" href=\"https:\/\/www.monbailleur.fr\/offres-emploi\/actu\/offres-emploi-domial\/#de-belles-opportunites-demploi-avec-de-nombreux-avantages\" >De belles opportunit\u00e9s d\u2019emploi, avec de nombreux avantages<\/a><\/li><li class='ez-toc-page-1 ez-toc-heading-level-2'><a class=\"ez-toc-link ez-toc-heading-3\" href=\"https:\/\/www.monbailleur.fr\/offres-emploi\/actu\/offres-emploi-domial\/#des-offres-demploi-dans-tous-les-metiers-du-logement-social\" >Des offres d\u2019emploi dans tous les m\u00e9tiers du logement social<\/a><\/li><\/ul><\/nav><\/div>\n<h2 class=\"wp-block-heading\" id=\"h-une-entreprise-dynamique-qui-recrute-regulierement\"><span class=\"ez-toc-section\" id=\"une-entreprise-dynamique-qui-recrute-regulierement\"><\/span>Une entreprise dynamique, qui recrute r\u00e9guli\u00e8rement<span class=\"ez-toc-section-end\"><\/span><\/h2><p>Domial est une filiale du <strong>Groupe Action Logement<\/strong> (le premier groupe de logement social en France, avec un patrimoine de plus d\u2019un million de logements sociaux et interm\u00e9diaires). Premi\u00e8re ESH d\u2019Alsace, elle d\u00e9tient et g\u00e8re un parc immobilier locatif de plus de 13 550 logements en Alsace, r\u00e9partis sur 221 communes. Elle est pr\u00e9sente sur l\u2019ensemble du territoire alsacien.<\/p><p>Proposant toutes les typologies de logements et des loyers adapt\u00e9s \u00e0 tous types de profils, Domial loge aujourd\u2019hui plusieurs milliers de personnes en Alsace (5 nouvelles familles sont log\u00e9es chaque jour). Plus qu\u2019un simple bailleur social, l\u2019entreprise propose \u00e9galement des <strong>programmes d\u2019accession sociale<\/strong> \u00e0 la propri\u00e9t\u00e9, des solutions de colocation, des r\u00e9sidences services pour les personnes \u00e2g\u00e9es ou en perte de mobilit\u00e9\u2026<\/p><p>Experte sur son secteur, elle produit environ <strong>400 logements par an<\/strong>, avec un fort niveau d\u2019exigence et de qualit\u00e9. Le bailleur est \u00e9galement engag\u00e9 dans une \u00ab d\u00e9marche continue et concert\u00e9e \u00bb au service de ses clients locataires (il a re\u00e7u le label Quali\u2019hlm en 2018).<\/p><div class=\"wp-block-image\"><figure class=\"aligncenter size-full is-resized\"><img decoding=\"async\" src=\"https:\/\/www.monbailleur.fr\/offres-emploi\/wp-content\/uploads\/2023\/06\/LabelQualiHlm.png\" alt=\"logo du Label QualiHlm\" class=\"wp-image-5880\" width=\"298\" height=\"262\" srcset=\"https:\/\/www.monbailleur.fr\/offres-emploi\/wp-content\/uploads\/2023\/06\/LabelQualiHlm.png 500w, https:\/\/www.monbailleur.fr\/offres-emploi\/wp-content\/uploads\/2023\/06\/LabelQualiHlm-300x264.png 300w\" sizes=\"(max-width: 298px) 100vw, 298px\" \/><figcaption class=\"wp-element-caption\">Label QualiHlm<\/figcaption><\/figure><\/div><p>Domial emploie aujourd\u2019hui plus de 200 collaborateurs, au sein de ses 2 agences et 5 antennes locales (dans le Haut-Rhin et le Bas-Rhin). Et pour continuer \u00e0 proposer les meilleurs services \u00e0 ses locataires et des prestations de qualit\u00e9, le bailleur social recrute r\u00e9guli\u00e8rement de nouveaux talents, pour tous types de postes.&nbsp;<\/p><h2 class=\"wp-block-heading\"><span class=\"ez-toc-section\" id=\"de-belles-opportunites-demploi-avec-de-nombreux-avantages\"><\/span>De belles opportunit\u00e9s d\u2019emploi, avec de nombreux avantages<span class=\"ez-toc-section-end\"><\/span><\/h2><p>Pour compl\u00e9ter ses \u00e9quipes aux multiples talents et domaines d\u2019expertise, Domial recrute une trentaine de <strong>nouveaux collaborateurs<\/strong> chaque ann\u00e9e, et une dizaine de <strong>candidats en alternance<\/strong>. Le bailleur propose de belles opportunit\u00e9s d\u2019emploi, qui permettent de rejoindre une entreprise dynamique et innovante, tout en contribuant au d\u00e9veloppement de l\u2019offre de logements en Alsace.&nbsp;<\/p><div class=\"wp-block-image\"><figure class=\"aligncenter size-full\"><img decoding=\"async\" width=\"1000\" height=\"230\" src=\"https:\/\/www.monbailleur.fr\/offres-emploi\/wp-content\/uploads\/2023\/06\/accession-propriete-2.jpeg\" alt=\"logements sociaux en accession \u00e0 la propri\u00e9t\u00e9, par le bailleur Domial\" class=\"wp-image-5881\" srcset=\"https:\/\/www.monbailleur.fr\/offres-emploi\/wp-content\/uploads\/2023\/06\/accession-propriete-2.jpeg 1000w, https:\/\/www.monbailleur.fr\/offres-emploi\/wp-content\/uploads\/2023\/06\/accession-propriete-2-300x69.jpeg 300w, https:\/\/www.monbailleur.fr\/offres-emploi\/wp-content\/uploads\/2023\/06\/accession-propriete-2-768x177.jpeg 768w, https:\/\/www.monbailleur.fr\/offres-emploi\/wp-content\/uploads\/2023\/06\/accession-propriete-2-600x138.jpeg 600w\" sizes=\"(max-width: 1000px) 100vw, 1000px\" \/><figcaption class=\"wp-element-caption\">Logements sociaux &#8211; Domial <\/figcaption><\/figure><\/div><p>La politique RH de Domial repose sur les valeurs de transparence, d\u2019engagement, de proximit\u00e9 et d\u2019innovation. L\u2019entreprise <strong>prend soin de ses salari\u00e9s<\/strong> et favorise la mobilit\u00e9 interne, l\u2019acquisition de nouvelles comp\u00e9tences et l\u2019\u00e9galit\u00e9 professionnelle. En 2022, elle affiche un index \u00ab&nbsp;\u00e9galit\u00e9 professionnelle femme\/homme&nbsp;\u00bb de 99\/100.&nbsp;<\/p><p>Et ses \u00e9quipes profitent de nombreux avantages au quotidien : une mutuelle, des ch\u00e8ques d\u00e9jeuner, un int\u00e9ressement, des jours de RTT, du t\u00e9l\u00e9travail et des horaires flexibles, un droit \u00e0 la d\u00e9connexion et un int\u00e9ressement\u2026 Domial organise aussi r\u00e9guli\u00e8rement des <strong>\u00e9v\u00e9nements<\/strong> au sein de ses locaux, pour favoriser la convivialit\u00e9 et l\u2019esprit d\u2019entreprise.<\/p><h2 class=\"wp-block-heading\"><span class=\"ez-toc-section\" id=\"des-offres-demploi-dans-tous-les-metiers-du-logement-social\"><\/span>Des offres d\u2019emploi dans tous les m\u00e9tiers du logement social<span class=\"ez-toc-section-end\"><\/span><\/h2><p>Le bailleur propose des postes dans <strong>tous les m\u00e9tiers<\/strong> de l\u2019habitat social, pour : la production de logements HLM (m\u00e9tiers de la construction et de la ma\u00eetrise d\u2019ouvrage), l\u2019exploitation et la gestion locative et patrimoniale (gestionnaire locatif, charg\u00e9 d\u2019op\u00e9ration d\u2019entretien, gestionnaire de contentieux\u2026), la gestion de proximit\u00e9 (gardien d\u2019immeuble, CESF, responsable de site\u2026) et les fonctions support (comptabilit\u00e9, informatique, communication\u2026).<\/p><p>Parmi les derni\u00e8res <a href=\"https:\/\/www.monbailleur.fr\/offres-emploi\" target=\"_blank\" rel=\"noreferrer noopener\">offres d\u2019emploi<\/a>, deux postes sont actuellement \u00e0 pourvoir chez Domial : un poste de charg\u00e9 de contentieux (<a href=\"https:\/\/www.domial.fr\/recrutement\/offres-emploi\/charg%C3%A9_de_contentieux_h_f-0\/144.html\" target=\"_blank\" rel=\"noreferrer noopener\">\u00e0 Mulhouse, en CDI<\/a>) et un poste de responsable de secteur (<a href=\"https:\/\/www.domial.fr\/recrutement\/offres-emploi\/responsable_de_secteur_h_f\/144.html\" target=\"_blank\" rel=\"noreferrer noopener\">\u00e0 Strasbourg, en CDI<\/a>). N\u2019h\u00e9sitez pas \u00e0 consulter les fiches de chaque poste, et \u00e0 contacter les \u00e9quipes du bailleur pour en savoir plus.<\/p>","protected":false},"excerpt":{"rendered":"<p>Premi\u00e8re Entreprise Sociale pour l\u2019Habitat d\u2019Alsace, Domial recrute chaque ann\u00e9e de nouveaux talents. Le bailleur propose des postes dans de nombreux m\u00e9tiers de l\u2019habitat social, pour tous types de profils.<\/p>\n","protected":false},"author":5,"featured_media":5879,"comment_status":"open","ping_status":"open","sticky":false,"template":"","format":"standard","meta":{"footnotes":""},"categories":[75],"tags":[],"class_list":["post-5874","post","type-post","status-publish","format-standard","has-post-thumbnail","hentry","category-actu"],"yoast_head":"<!-- This site is optimized with the Yoast SEO Premium plugin v22.4 (Yoast SEO v25.1) - https:\/\/yoast.com\/wordpress\/plugins\/seo\/ -->\n<title>De nouvelles offres d\u2019emploi chez Domial<\/title>\n<meta name=\"description\" content=\"1\u00e8re Entreprise Sociale pour l\u2019Habitat d\u2019Alsace, Domial recrute chaque ann\u00e9e de nouveaux talents. Zoom sur ses derni\u00e8res offres d&#039;emploi.\" \/>\n<meta name=\"robots\" content=\"index, follow, max-snippet:-1, max-image-preview:large, max-video-preview:-1\" \/>\n<link rel=\"canonical\" href=\"https:\/\/www.monbailleur.fr\/offres-emploi\/actu\/offres-emploi-domial\" \/>\n<meta property=\"og:locale\" content=\"fr_FR\" \/>\n<meta property=\"og:type\" content=\"article\" \/>\n<meta property=\"og:title\" content=\"De nouvelles offres d\u2019emploi chez Domial, filiale du Groupe Action Logement\" \/>\n<meta property=\"og:description\" content=\"1\u00e8re Entreprise Sociale pour l\u2019Habitat d\u2019Alsace, Domial recrute chaque ann\u00e9e de nouveaux talents. Zoom sur ses derni\u00e8res offres d&#039;emploi.\" \/>\n<meta property=\"og:url\" content=\"https:\/\/www.monbailleur.fr\/offres-emploi\/actu\/offres-emploi-domial\" \/>\n<meta property=\"og:site_name\" content=\"Monbailleur.fr - Emploi\" \/>\n<meta property=\"article:published_time\" content=\"2023-06-23T13:38:15+00:00\" \/>\n<meta property=\"article:modified_time\" content=\"2023-06-23T13:38:17+00:00\" \/>\n<meta property=\"og:image\" content=\"https:\/\/www.monbailleur.fr\/offres-emploi\/wp-content\/uploads\/2023\/06\/24468-square-pad.png\" \/>\n\t<meta property=\"og:image:width\" content=\"300\" \/>\n\t<meta property=\"og:image:height\" content=\"300\" \/>\n\t<meta property=\"og:image:type\" content=\"image\/png\" \/>\n<meta name=\"author\" content=\"Anna De Gouyon Matignon\" \/>\n<meta name=\"twitter:card\" content=\"summary_large_image\" \/>\n<meta name=\"twitter:label1\" content=\"\u00c9crit par\" \/>\n\t<meta name=\"twitter:data1\" content=\"Anna De Gouyon Matignon\" \/>\n\t<meta name=\"twitter:label2\" content=\"Dur\u00e9e de lecture estim\u00e9e\" \/>\n\t<meta name=\"twitter:data2\" content=\"4 minutes\" \/>\n<script type=\"application\/ld+json\" class=\"yoast-schema-graph\">{\"@context\":\"https:\/\/schema.org\",\"@graph\":[{\"@type\":\"Article\",\"@id\":\"https:\/\/www.monbailleur.fr\/offres-emploi\/actu\/offres-emploi-domial#article\",\"isPartOf\":{\"@id\":\"https:\/\/www.monbailleur.fr\/offres-emploi\/actu\/offres-emploi-domial\"},\"author\":{\"name\":\"Anna De Gouyon Matignon\",\"@id\":\"https:\/\/www.monbailleur.fr\/offres-emploi\/#\/schema\/person\/0490927abb4c2d7770e99d7d2e6f009b\"},\"headline\":\"De nouvelles offres d\u2019emploi chez Domial, filiale du Groupe Action Logement\",\"datePublished\":\"2023-06-23T13:38:15+00:00\",\"dateModified\":\"2023-06-23T13:38:17+00:00\",\"mainEntityOfPage\":{\"@id\":\"https:\/\/www.monbailleur.fr\/offres-emploi\/actu\/offres-emploi-domial\"},\"wordCount\":615,\"commentCount\":0,\"publisher\":{\"@id\":\"https:\/\/www.monbailleur.fr\/offres-emploi\/#organization\"},\"image\":{\"@id\":\"https:\/\/www.monbailleur.fr\/offres-emploi\/actu\/offres-emploi-domial#primaryimage\"},\"thumbnailUrl\":\"https:\/\/www.monbailleur.fr\/offres-emploi\/wp-content\/uploads\/2023\/06\/24468-square-pad.png\",\"articleSection\":[\"Actualit\u00e9s du recrutement\"],\"inLanguage\":\"fr-FR\",\"potentialAction\":[{\"@type\":\"CommentAction\",\"name\":\"Comment\",\"target\":[\"https:\/\/www.monbailleur.fr\/offres-emploi\/actu\/offres-emploi-domial#respond\"]}]},{\"@type\":\"WebPage\",\"@id\":\"https:\/\/www.monbailleur.fr\/offres-emploi\/actu\/offres-emploi-domial\",\"url\":\"https:\/\/www.monbailleur.fr\/offres-emploi\/actu\/offres-emploi-domial\",\"name\":\"De nouvelles offres d\u2019emploi chez Domial\",\"isPartOf\":{\"@id\":\"https:\/\/www.monbailleur.fr\/offres-emploi\/#website\"},\"primaryImageOfPage\":{\"@id\":\"https:\/\/www.monbailleur.fr\/offres-emploi\/actu\/offres-emploi-domial#primaryimage\"},\"image\":{\"@id\":\"https:\/\/www.monbailleur.fr\/offres-emploi\/actu\/offres-emploi-domial#primaryimage\"},\"thumbnailUrl\":\"https:\/\/www.monbailleur.fr\/offres-emploi\/wp-content\/uploads\/2023\/06\/24468-square-pad.png\",\"datePublished\":\"2023-06-23T13:38:15+00:00\",\"dateModified\":\"2023-06-23T13:38:17+00:00\",\"description\":\"1\u00e8re Entreprise Sociale pour l\u2019Habitat d\u2019Alsace, Domial recrute chaque ann\u00e9e de nouveaux talents. Zoom sur ses derni\u00e8res offres d'emploi.\",\"breadcrumb\":{\"@id\":\"https:\/\/www.monbailleur.fr\/offres-emploi\/actu\/offres-emploi-domial#breadcrumb\"},\"inLanguage\":\"fr-FR\",\"potentialAction\":[{\"@type\":\"ReadAction\",\"target\":[\"https:\/\/www.monbailleur.fr\/offres-emploi\/actu\/offres-emploi-domial\"]}]},{\"@type\":\"ImageObject\",\"inLanguage\":\"fr-FR\",\"@id\":\"https:\/\/www.monbailleur.fr\/offres-emploi\/actu\/offres-emploi-domial#primaryimage\",\"url\":\"https:\/\/www.monbailleur.fr\/offres-emploi\/wp-content\/uploads\/2023\/06\/24468-square-pad.png\",\"contentUrl\":\"https:\/\/www.monbailleur.fr\/offres-emploi\/wp-content\/uploads\/2023\/06\/24468-square-pad.png\",\"width\":300,\"height\":300,\"caption\":\"Domial - Groupe Action Logement\"},{\"@type\":\"BreadcrumbList\",\"@id\":\"https:\/\/www.monbailleur.fr\/offres-emploi\/actu\/offres-emploi-domial#breadcrumb\",\"itemListElement\":[{\"@type\":\"ListItem\",\"position\":1,\"name\":\"Accueil\",\"item\":\"https:\/\/www.monbailleur.fr\/offres-emploi\/\"},{\"@type\":\"ListItem\",\"position\":2,\"name\":\"Actualit\u00e9s du recrutement\",\"item\":\"https:\/\/www.monbailleur.fr\/offres-emploi\/categorie\/actu\"},{\"@type\":\"ListItem\",\"position\":3,\"name\":\"De nouvelles offres d\u2019emploi chez Domial, filiale du Groupe Action Logement\"}]},{\"@type\":\"WebSite\",\"@id\":\"https:\/\/www.monbailleur.fr\/offres-emploi\/#website\",\"url\":\"https:\/\/www.monbailleur.fr\/offres-emploi\/\",\"name\":\"Monbailleur.fr - Emploi\",\"description\":\"Les offres d&#039;emploi du logement social\",\"publisher\":{\"@id\":\"https:\/\/www.monbailleur.fr\/offres-emploi\/#organization\"},\"potentialAction\":[{\"@type\":\"SearchAction\",\"target\":{\"@type\":\"EntryPoint\",\"urlTemplate\":\"https:\/\/www.monbailleur.fr\/offres-emploi\/?s={search_term_string}\"},\"query-input\":{\"@type\":\"PropertyValueSpecification\",\"valueRequired\":true,\"valueName\":\"search_term_string\"}}],\"inLanguage\":\"fr-FR\"},{\"@type\":\"Organization\",\"@id\":\"https:\/\/www.monbailleur.fr\/offres-emploi\/#organization\",\"name\":\"Monbailleur.fr - Emploi\",\"url\":\"https:\/\/www.monbailleur.fr\/offres-emploi\/\",\"logo\":{\"@type\":\"ImageObject\",\"inLanguage\":\"fr-FR\",\"@id\":\"https:\/\/www.monbailleur.fr\/offres-emploi\/#\/schema\/logo\/image\/\",\"url\":\"https:\/\/www.monbailleur.fr\/offres-emploi\/wp-content\/uploads\/2023\/06\/MonBailleur-1200x675-1.png\",\"contentUrl\":\"https:\/\/www.monbailleur.fr\/offres-emploi\/wp-content\/uploads\/2023\/06\/MonBailleur-1200x675-1.png\",\"width\":1200,\"height\":675,\"caption\":\"Monbailleur.fr - Emploi\"},\"image\":{\"@id\":\"https:\/\/www.monbailleur.fr\/offres-emploi\/#\/schema\/logo\/image\/\"}},{\"@type\":\"Person\",\"@id\":\"https:\/\/www.monbailleur.fr\/offres-emploi\/#\/schema\/person\/0490927abb4c2d7770e99d7d2e6f009b\",\"name\":\"Anna De Gouyon Matignon\",\"image\":{\"@type\":\"ImageObject\",\"inLanguage\":\"fr-FR\",\"@id\":\"https:\/\/www.monbailleur.fr\/offres-emploi\/#\/schema\/person\/image\/\",\"url\":\"https:\/\/secure.gravatar.com\/avatar\/97a6594b963a1083033e0377d3282146932874af426cfbb94b136e67991a5638?s=96&d=mm&r=g\",\"contentUrl\":\"https:\/\/secure.gravatar.com\/avatar\/97a6594b963a1083033e0377d3282146932874af426cfbb94b136e67991a5638?s=96&d=mm&r=g\",\"caption\":\"Anna De Gouyon Matignon\"},\"url\":\"https:\/\/www.monbailleur.fr\/offres-emploi\/author\/annadegouyonmatignon\"}]}<\/script>\n<!-- \/ Yoast SEO Premium plugin. -->","yoast_head_json":{"title":"De nouvelles offres d\u2019emploi chez Domial","description":"1\u00e8re Entreprise Sociale pour l\u2019Habitat d\u2019Alsace, Domial recrute chaque ann\u00e9e de nouveaux talents. Zoom sur ses derni\u00e8res offres d'emploi.","robots":{"index":"index","follow":"follow","max-snippet":"max-snippet:-1","max-image-preview":"max-image-preview:large","max-video-preview":"max-video-preview:-1"},"canonical":"https:\/\/www.monbailleur.fr\/offres-emploi\/actu\/offres-emploi-domial","og_locale":"fr_FR","og_type":"article","og_title":"De nouvelles offres d\u2019emploi chez Domial, filiale du Groupe Action Logement","og_description":"1\u00e8re Entreprise Sociale pour l\u2019Habitat d\u2019Alsace, Domial recrute chaque ann\u00e9e de nouveaux talents. Zoom sur ses derni\u00e8res offres d'emploi.","og_url":"https:\/\/www.monbailleur.fr\/offres-emploi\/actu\/offres-emploi-domial","og_site_name":"Monbailleur.fr - Emploi","article_published_time":"2023-06-23T13:38:15+00:00","article_modified_time":"2023-06-23T13:38:17+00:00","og_image":[{"width":300,"height":300,"url":"https:\/\/www.monbailleur.fr\/offres-emploi\/wp-content\/uploads\/2023\/06\/24468-square-pad.png","type":"image\/png"}],"author":"Anna De Gouyon Matignon","twitter_card":"summary_large_image","twitter_misc":{"\u00c9crit par":"Anna De Gouyon Matignon","Dur\u00e9e de lecture estim\u00e9e":"4 minutes"},"schema":{"@context":"https:\/\/schema.org","@graph":[{"@type":"Article","@id":"https:\/\/www.monbailleur.fr\/offres-emploi\/actu\/offres-emploi-domial#article","isPartOf":{"@id":"https:\/\/www.monbailleur.fr\/offres-emploi\/actu\/offres-emploi-domial"},"author":{"name":"Anna De Gouyon Matignon","@id":"https:\/\/www.monbailleur.fr\/offres-emploi\/#\/schema\/person\/0490927abb4c2d7770e99d7d2e6f009b"},"headline":"De nouvelles offres d\u2019emploi chez Domial, filiale du Groupe Action Logement","datePublished":"2023-06-23T13:38:15+00:00","dateModified":"2023-06-23T13:38:17+00:00","mainEntityOfPage":{"@id":"https:\/\/www.monbailleur.fr\/offres-emploi\/actu\/offres-emploi-domial"},"wordCount":615,"commentCount":0,"publisher":{"@id":"https:\/\/www.monbailleur.fr\/offres-emploi\/#organization"},"image":{"@id":"https:\/\/www.monbailleur.fr\/offres-emploi\/actu\/offres-emploi-domial#primaryimage"},"thumbnailUrl":"https:\/\/www.monbailleur.fr\/offres-emploi\/wp-content\/uploads\/2023\/06\/24468-square-pad.png","articleSection":["Actualit\u00e9s du recrutement"],"inLanguage":"fr-FR","potentialAction":[{"@type":"CommentAction","name":"Comment","target":["https:\/\/www.monbailleur.fr\/offres-emploi\/actu\/offres-emploi-domial#respond"]}]},{"@type":"WebPage","@id":"https:\/\/www.monbailleur.fr\/offres-emploi\/actu\/offres-emploi-domial","url":"https:\/\/www.monbailleur.fr\/offres-emploi\/actu\/offres-emploi-domial","name":"De nouvelles offres d\u2019emploi chez Domial","isPartOf":{"@id":"https:\/\/www.monbailleur.fr\/offres-emploi\/#website"},"primaryImageOfPage":{"@id":"https:\/\/www.monbailleur.fr\/offres-emploi\/actu\/offres-emploi-domial#primaryimage"},"image":{"@id":"https:\/\/www.monbailleur.fr\/offres-emploi\/actu\/offres-emploi-domial#primaryimage"},"thumbnailUrl":"https:\/\/www.monbailleur.fr\/offres-emploi\/wp-content\/uploads\/2023\/06\/24468-square-pad.png","datePublished":"2023-06-23T13:38:15+00:00","dateModified":"2023-06-23T13:38:17+00:00","description":"1\u00e8re Entreprise Sociale pour l\u2019Habitat d\u2019Alsace, Domial recrute chaque ann\u00e9e de nouveaux talents. Zoom sur ses derni\u00e8res offres d'emploi.","breadcrumb":{"@id":"https:\/\/www.monbailleur.fr\/offres-emploi\/actu\/offres-emploi-domial#breadcrumb"},"inLanguage":"fr-FR","potentialAction":[{"@type":"ReadAction","target":["https:\/\/www.monbailleur.fr\/offres-emploi\/actu\/offres-emploi-domial"]}]},{"@type":"ImageObject","inLanguage":"fr-FR","@id":"https:\/\/www.monbailleur.fr\/offres-emploi\/actu\/offres-emploi-domial#primaryimage","url":"https:\/\/www.monbailleur.fr\/offres-emploi\/wp-content\/uploads\/2023\/06\/24468-square-pad.png","contentUrl":"https:\/\/www.monbailleur.fr\/offres-emploi\/wp-content\/uploads\/2023\/06\/24468-square-pad.png","width":300,"height":300,"caption":"Domial - Groupe Action Logement"},{"@type":"BreadcrumbList","@id":"https:\/\/www.monbailleur.fr\/offres-emploi\/actu\/offres-emploi-domial#breadcrumb","itemListElement":[{"@type":"ListItem","position":1,"name":"Accueil","item":"https:\/\/www.monbailleur.fr\/offres-emploi\/"},{"@type":"ListItem","position":2,"name":"Actualit\u00e9s du recrutement","item":"https:\/\/www.monbailleur.fr\/offres-emploi\/categorie\/actu"},{"@type":"ListItem","position":3,"name":"De nouvelles offres d\u2019emploi chez Domial, filiale du Groupe Action Logement"}]},{"@type":"WebSite","@id":"https:\/\/www.monbailleur.fr\/offres-emploi\/#website","url":"https:\/\/www.monbailleur.fr\/offres-emploi\/","name":"Monbailleur.fr - Emploi","description":"Les offres d&#039;emploi du logement social","publisher":{"@id":"https:\/\/www.monbailleur.fr\/offres-emploi\/#organization"},"potentialAction":[{"@type":"SearchAction","target":{"@type":"EntryPoint","urlTemplate":"https:\/\/www.monbailleur.fr\/offres-emploi\/?s={search_term_string}"},"query-input":{"@type":"PropertyValueSpecification","valueRequired":true,"valueName":"search_term_string"}}],"inLanguage":"fr-FR"},{"@type":"Organization","@id":"https:\/\/www.monbailleur.fr\/offres-emploi\/#organization","name":"Monbailleur.fr - Emploi","url":"https:\/\/www.monbailleur.fr\/offres-emploi\/","logo":{"@type":"ImageObject","inLanguage":"fr-FR","@id":"https:\/\/www.monbailleur.fr\/offres-emploi\/#\/schema\/logo\/image\/","url":"https:\/\/www.monbailleur.fr\/offres-emploi\/wp-content\/uploads\/2023\/06\/MonBailleur-1200x675-1.png","contentUrl":"https:\/\/www.monbailleur.fr\/offres-emploi\/wp-content\/uploads\/2023\/06\/MonBailleur-1200x675-1.png","width":1200,"height":675,"caption":"Monbailleur.fr - Emploi"},"image":{"@id":"https:\/\/www.monbailleur.fr\/offres-emploi\/#\/schema\/logo\/image\/"}},{"@type":"Person","@id":"https:\/\/www.monbailleur.fr\/offres-emploi\/#\/schema\/person\/0490927abb4c2d7770e99d7d2e6f009b","name":"Anna De Gouyon Matignon","image":{"@type":"ImageObject","inLanguage":"fr-FR","@id":"https:\/\/www.monbailleur.fr\/offres-emploi\/#\/schema\/person\/image\/","url":"https:\/\/secure.gravatar.com\/avatar\/97a6594b963a1083033e0377d3282146932874af426cfbb94b136e67991a5638?s=96&d=mm&r=g","contentUrl":"https:\/\/secure.gravatar.com\/avatar\/97a6594b963a1083033e0377d3282146932874af426cfbb94b136e67991a5638?s=96&d=mm&r=g","caption":"Anna De Gouyon Matignon"},"url":"https:\/\/www.monbailleur.fr\/offres-emploi\/author\/annadegouyonmatignon"}]}},"jetpack_featured_media_url":"https:\/\/www.monbailleur.fr\/offres-emploi\/wp-content\/uploads\/2023\/06\/24468-square-pad.png","_links":{"self":[{"href":"https:\/\/www.monbailleur.fr\/offres-emploi\/wp-json\/wp\/v2\/posts\/5874","targetHints":{"allow":["GET"]}}],"collection":[{"href":"https:\/\/www.monbailleur.fr\/offres-emploi\/wp-json\/wp\/v2\/posts"}],"about":[{"href":"https:\/\/www.monbailleur.fr\/offres-emploi\/wp-json\/wp\/v2\/types\/post"}],"author":[{"embeddable":true,"href":"https:\/\/www.monbailleur.fr\/offres-emploi\/wp-json\/wp\/v2\/users\/5"}],"replies":[{"embeddable":true,"href":"https:\/\/www.monbailleur.fr\/offres-emploi\/wp-json\/wp\/v2\/comments?post=5874"}],"version-history":[{"count":3,"href":"https:\/\/www.monbailleur.fr\/offres-emploi\/wp-json\/wp\/v2\/posts\/5874\/revisions"}],"predecessor-version":[{"id":5935,"href":"https:\/\/www.monbailleur.fr\/offres-emploi\/wp-json\/wp\/v2\/posts\/5874\/revisions\/5935"}],"wp:featuredmedia":[{"embeddable":true,"href":"https:\/\/www.monbailleur.fr\/offres-emploi\/wp-json\/wp\/v2\/media\/5879"}],"wp:attachment":[{"href":"https:\/\/www.monbailleur.fr\/offres-emploi\/wp-json\/wp\/v2\/media?parent=5874"}],"wp:term":[{"taxonomy":"category","embeddable":true,"href":"https:\/\/www.monbailleur.fr\/offres-emploi\/wp-json\/wp\/v2\/categories?post=5874"},{"taxonomy":"post_tag","embeddable":true,"href":"https:\/\/www.monbailleur.fr\/offres-emploi\/wp-json\/wp\/v2\/tags?post=5874"}],"curies":[{"name":"wp","href":"https:\/\/api.w.org\/{rel}","templated":true}]}}