{"id":6112,"date":"2023-07-20T12:49:45","date_gmt":"2023-07-20T10:49:45","guid":{"rendered":"https:\/\/www.monbailleur.fr\/offres-emploi\/?p=6112"},"modified":"2023-07-20T12:49:48","modified_gmt":"2023-07-20T10:49:48","slug":"seqens-recrute-gardiens-immeuble","status":"publish","type":"post","link":"https:\/\/www.monbailleur.fr\/offres-emploi\/actu\/seqens-recrute-gardiens-immeuble","title":{"rendered":"Seqens recrute des gardiens d\u2019immeuble en \u00cele-de-France"},"content":{"rendered":"\n\n<div class=\"kk-star-ratings kksr-auto kksr-align-left kksr-valign-top\"\n    data-payload='{&quot;align&quot;:&quot;left&quot;,&quot;id&quot;:&quot;6112&quot;,&quot;slug&quot;:&quot;default&quot;,&quot;valign&quot;:&quot;top&quot;,&quot;ignore&quot;:&quot;&quot;,&quot;reference&quot;:&quot;auto&quot;,&quot;class&quot;:&quot;&quot;,&quot;count&quot;:&quot;1&quot;,&quot;legendonly&quot;:&quot;&quot;,&quot;readonly&quot;:&quot;&quot;,&quot;score&quot;:&quot;4&quot;,&quot;starsonly&quot;:&quot;&quot;,&quot;best&quot;:&quot;5&quot;,&quot;gap&quot;:&quot;5&quot;,&quot;greet&quot;:&quot;&quot;,&quot;legend&quot;:&quot;4\\\/5 - (1 vote)&quot;,&quot;size&quot;:&quot;24&quot;,&quot;title&quot;:&quot;Seqens recrute des gardiens d\u2019immeuble en \u00cele-de-France&quot;,&quot;width&quot;:&quot;113.5&quot;,&quot;_legend&quot;:&quot;{score}\\\/{best} - ({count} {votes})&quot;,&quot;font_factor&quot;:&quot;1.25&quot;}'>\n            \n<div class=\"kksr-stars\">\n    \n<div class=\"kksr-stars-inactive\">\n            <div class=\"kksr-star\" data-star=\"1\" style=\"padding-right: 5px\">\n            \n\n<div class=\"kksr-icon\" style=\"width: 24px; height: 24px;\"><\/div>\n        <\/div>\n            <div class=\"kksr-star\" data-star=\"2\" style=\"padding-right: 5px\">\n            \n\n<div class=\"kksr-icon\" style=\"width: 24px; height: 24px;\"><\/div>\n        <\/div>\n            <div class=\"kksr-star\" data-star=\"3\" style=\"padding-right: 5px\">\n            \n\n<div class=\"kksr-icon\" style=\"width: 24px; height: 24px;\"><\/div>\n        <\/div>\n            <div class=\"kksr-star\" data-star=\"4\" style=\"padding-right: 5px\">\n            \n\n<div class=\"kksr-icon\" style=\"width: 24px; height: 24px;\"><\/div>\n        <\/div>\n            <div class=\"kksr-star\" data-star=\"5\" style=\"padding-right: 5px\">\n            \n\n<div class=\"kksr-icon\" style=\"width: 24px; height: 24px;\"><\/div>\n        <\/div>\n    <\/div>\n    \n<div class=\"kksr-stars-active\" style=\"width: 113.5px;\">\n            <div class=\"kksr-star\" style=\"padding-right: 5px\">\n            \n\n<div class=\"kksr-icon\" style=\"width: 24px; height: 24px;\"><\/div>\n        <\/div>\n            <div class=\"kksr-star\" style=\"padding-right: 5px\">\n            \n\n<div class=\"kksr-icon\" style=\"width: 24px; height: 24px;\"><\/div>\n        <\/div>\n            <div class=\"kksr-star\" style=\"padding-right: 5px\">\n            \n\n<div class=\"kksr-icon\" style=\"width: 24px; height: 24px;\"><\/div>\n        <\/div>\n            <div class=\"kksr-star\" style=\"padding-right: 5px\">\n            \n\n<div class=\"kksr-icon\" style=\"width: 24px; height: 24px;\"><\/div>\n        <\/div>\n            <div class=\"kksr-star\" style=\"padding-right: 5px\">\n            \n\n<div class=\"kksr-icon\" style=\"width: 24px; height: 24px;\"><\/div>\n        <\/div>\n    <\/div>\n<\/div>\n                \n\n<div class=\"kksr-legend\" style=\"font-size: 19.2px;\">\n            4\/5 - (1 vote)    <\/div>\n    <\/div>\n<p class=\"wp-block-paragraph\">Plusieurs <strong>postes de gardiens d\u2019immeuble<\/strong> sont \u00e0 pourvoir chez <strong>Seqens<\/strong>, l\u2019un des plus grands bailleurs sociaux d\u2019\u00cele-de-France. Un m\u00e9tier de proximit\u00e9 et de terrain indispensable, qui \u00e9volue et qui change d\u2019image.<\/p><!--more--><div id=\"ez-toc-container\" class=\"ez-toc-v2_0_74 counter-hierarchy ez-toc-counter ez-toc-grey ez-toc-container-direction\">\n<div class=\"ez-toc-title-container\">\n<p class=\"ez-toc-title\" style=\"cursor:inherit\">Table des mati\u00e8res<\/p>\n<span class=\"ez-toc-title-toggle\"><\/span><\/div>\n<nav><ul class='ez-toc-list ez-toc-list-level-1 ' ><li class='ez-toc-page-1 ez-toc-heading-level-2'><a class=\"ez-toc-link ez-toc-heading-1\" href=\"https:\/\/www.monbailleur.fr\/offres-emploi\/actu\/seqens-recrute-gardiens-immeuble\/#seqens-un-bailleur-social-qui-recrute-activement\" >Seqens, un bailleur social qui recrute activement<\/a><\/li><li class='ez-toc-page-1 ez-toc-heading-level-2'><a class=\"ez-toc-link ez-toc-heading-2\" href=\"https:\/\/www.monbailleur.fr\/offres-emploi\/actu\/seqens-recrute-gardiens-immeuble\/#gardien-dimmeuble-un-metier-de-contact-polyvalent-et-valorisant\" >Gardien d\u2019immeuble : un m\u00e9tier de contact, polyvalent et valorisant<\/a><\/li><li class='ez-toc-page-1 ez-toc-heading-level-2'><a class=\"ez-toc-link ez-toc-heading-3\" href=\"https:\/\/www.monbailleur.fr\/offres-emploi\/actu\/seqens-recrute-gardiens-immeuble\/#des-offres-demploi-dans-toute-lile-de-france\" >Des offres d\u2019emploi dans toute l\u2019\u00cele-de-France<\/a><\/li><\/ul><\/nav><\/div>\n<h2 class=\"wp-block-heading\" id=\"h-seqens-un-bailleur-social-qui-recrute-activement\"><span class=\"ez-toc-section\" id=\"seqens-un-bailleur-social-qui-recrute-activement\"><\/span>Seqens, un bailleur social qui recrute activement<span class=\"ez-toc-section-end\"><\/span><\/h2><p class=\"wp-block-paragraph\">Filiale du groupe Action Logement, <strong>Seqens<\/strong> est un acteur global du logement en \u00cele-de-France. En plus de g\u00e9rer un parc locatif de plus de 106 000 logements, le bailleur social construit environ 4 000 nouveaux logements par an. Il r\u00e9alise \u00e9galement de tr\u00e8s belles r\u00e9habilitations, conformes aux exigences environnementales actuelles et aux attentes de ses r\u00e9sidents.<\/p><div class=\"wp-block-image\"><figure class=\"aligncenter size-full\"><img decoding=\"async\" width=\"720\" height=\"396\" src=\"https:\/\/www.monbailleur.fr\/offres-emploi\/wp-content\/uploads\/2023\/06\/SEQENS_DRAVEIL_BD-85-720x396-1.jpeg\" alt=\"fa\u00e7ade d'une r\u00e9sidence r\u00e9habilit\u00e9e par le bailleur social Seqens, \u00e0 Draveil (91)\" class=\"wp-image-6115\" srcset=\"https:\/\/www.monbailleur.fr\/offres-emploi\/wp-content\/uploads\/2023\/06\/SEQENS_DRAVEIL_BD-85-720x396-1.jpeg 720w, https:\/\/www.monbailleur.fr\/offres-emploi\/wp-content\/uploads\/2023\/06\/SEQENS_DRAVEIL_BD-85-720x396-1-300x165.jpeg 300w, https:\/\/www.monbailleur.fr\/offres-emploi\/wp-content\/uploads\/2023\/06\/SEQENS_DRAVEIL_BD-85-720x396-1-600x330.jpeg 600w\" sizes=\"(max-width: 720px) 100vw, 720px\" \/><figcaption class=\"wp-element-caption\">Seqens &#8211; R\u00e9habilitation \u00e0 Draveil (91)<\/figcaption><\/figure><\/div><p class=\"wp-block-paragraph\">Pour garantir des services de qualit\u00e9, Seqens emploie actuellement <strong>1 600 collaborateurs<\/strong> sur l\u2019ensemble des d\u00e9partements franciliens. Stagiaires et alternants, postes en CDD ou en CDI\u2026 Si elle recrute comme n\u2019importe quelle autre structure, cette entreprise priv\u00e9e donne aussi l\u2019opportunit\u00e9 de travailler dans le social, et d\u2019exercer une profession qui a du sens. Elle propose des postes dans de nombreux m\u00e9tiers, et dans tous les secteurs.<\/p><p class=\"wp-block-paragraph\">Mais le bailleur rencontre aujourd\u2019hui des difficult\u00e9s de recrutement sur certains postes. Les m\u00e9tiers de proximit\u00e9 font par exemple partie des m\u00e9tiers en tension dans le logement social. Si Seqens emploie d\u00e9j\u00e0 <strong>400 gardiens d\u2019immeuble<\/strong> en \u00cele-de-France, les nouveaux postes ont parfois du mal \u00e0 trouver preneur. V\u00e9ritables relais entre le bailleur et les locataires, les gardiens occupent pourtant des fonctions indispensables dans le secteur de l\u2019habitat social. Loin d\u2019\u00eatre r\u00e9duits \u00e0 sortir les poubelles ou \u00e0 nettoyer les parties communes, ils sont responsables de nombreuses autres missions chez les bailleurs sociaux\u2026<\/p><h2 class=\"wp-block-heading\"><span class=\"ez-toc-section\" id=\"gardien-dimmeuble-un-metier-de-contact-polyvalent-et-valorisant\"><\/span>Gardien d\u2019immeuble : un m\u00e9tier de contact, polyvalent et valorisant<span class=\"ez-toc-section-end\"><\/span><\/h2><p class=\"wp-block-paragraph\">Chez Seqens, les <a href=\"https:\/\/www.monbailleur.fr\/offres-emploi\/metiers\/gardien-d-immeuble\" target=\"_blank\" rel=\"noreferrer noopener\">gardiens d\u2019immeuble<\/a> peuvent \u00eatre charg\u00e9s de r\u00e9aliser les \u00e9tats des lieux d\u2019entr\u00e9e et de sortie des logements, d\u2019organiser des visites ou de conseiller les locataires sur certains sujets pratiques. Exer\u00e7ant leur m\u00e9tier avec passion, ils entretiennent des relations \u00e9troites avec les locataires et les autres \u00e9quipes du bailleur. Ils font vivre les b\u00e2timents, et d\u00e9veloppent une v\u00e9ritable communaut\u00e9 au sein de l\u2019immeuble ou de la r\u00e9sidence. Et ils sont parfois amen\u00e9s \u00e0 superviser des travaux.<\/p><p class=\"wp-block-paragraph\">Aujourd\u2019hui, de plus en plus de gardiens suivent une formation qualifiante. Le <strong>CAP de gardien d&rsquo;immeuble<\/strong> leur permet en effet d\u2019acqu\u00e9rir toutes les comp\u00e9tences pour pouvoir \u00eatre op\u00e9rationnels (savoir utiliser du mat\u00e9riel informatique et des logiciels, par exemple). Cette formation leur donne aussi de solides bases en mati\u00e8re juridique (sur les droits et les devoirs des locataires, la gestion d\u2019un sinistre, la mise en place de travaux\u2026).<\/p><div class=\"wp-block-image\"><figure class=\"aligncenter size-full\"><img decoding=\"async\" width=\"768\" height=\"512\" src=\"https:\/\/www.monbailleur.fr\/offres-emploi\/wp-content\/uploads\/2023\/06\/MicrosoftTeams-image-15-1-768x512-1.jpeg\" alt=\"tenue de travail chez le bailleur social Travailler chez Seqens, en \u00cele-de-France\" class=\"wp-image-6113\" srcset=\"https:\/\/www.monbailleur.fr\/offres-emploi\/wp-content\/uploads\/2023\/06\/MicrosoftTeams-image-15-1-768x512-1.jpeg 768w, https:\/\/www.monbailleur.fr\/offres-emploi\/wp-content\/uploads\/2023\/06\/MicrosoftTeams-image-15-1-768x512-1-300x200.jpeg 300w, https:\/\/www.monbailleur.fr\/offres-emploi\/wp-content\/uploads\/2023\/06\/MicrosoftTeams-image-15-1-768x512-1-600x400.jpeg 600w\" sizes=\"(max-width: 768px) 100vw, 768px\" \/><figcaption class=\"wp-element-caption\">Travailler chez Seqens &#8211; Bailleur social en \u00cele-de-France<\/figcaption><\/figure><\/div><p class=\"wp-block-paragraph\">Selon leur anciennet\u00e9 et leurs comp\u00e9tences, les gardiens peuvent aussi gravir rapidement les \u00e9chelons, et \u00e9voluer vers des postes \u00e0 plus haute responsabilit\u00e9. Chez Seqens, ils peuvent devenir <strong>gardiens superviseurs<\/strong> dans les grands ensembles immobiliers, ou gardiens itin\u00e9rants (ils travaillent sur plusieurs sites, et assurent des remplacements). Et ces nouvelles responsabilit\u00e9s impliquent \u00e9videmment une augmentation de salaire ! Pour favoriser l\u2019\u00e9volution des carri\u00e8res et la mobilit\u00e9, Seqens a par exemple mis en place une formation de <strong>\u00ab\u00a0manager de proximit\u00e9\u00a0\u00bb<\/strong> l&rsquo;ann\u00e9e derni\u00e8re. Elle a \u00e9t\u00e9 suivie par plusieurs gardiens et gardiennes (entre autres).<\/p><h2 class=\"wp-block-heading\"><span class=\"ez-toc-section\" id=\"des-offres-demploi-dans-toute-lile-de-france\"><\/span>Des offres d\u2019emploi dans toute l\u2019\u00cele-de-France<span class=\"ez-toc-section-end\"><\/span><\/h2><p class=\"wp-block-paragraph\">Seqens propose aujourd\u2019hui des postes de gardien d\u2019immeuble dans tous les d\u00e9partements d\u2019\u00cele-de-France. Pour postuler, il suffit de se rendre sur le <a href=\"https:\/\/www.seqens.fr\/carriere\/emplois\/\" target=\"_blank\" rel=\"noreferrer noopener\">site du bailleur<\/a> et de rechercher un poste par d\u00e9partement ou par m\u00e9tier. N\u2019h\u00e9sitez pas \u00e0 consulter les fiches de chaque poste, et \u00e0 contacter les \u00e9quipes du bailleur pour en savoir plus.<\/p><p class=\"wp-block-paragraph\">Retrouvez aussi toutes les <a href=\"https:\/\/www.monbailleur.fr\/offres-emploi\/entreprise\/SEQENS\" target=\"_blank\" rel=\"noreferrer noopener\">offres d\u2019emploi de Seqens<\/a> sur notre plateforme.<\/p>","protected":false},"excerpt":{"rendered":"<p>Plusieurs postes de gardiens d\u2019immeuble sont \u00e0 pourvoir chez Seqens, l\u2019un des plus grands bailleurs sociaux d\u2019\u00cele-de-France. Un m\u00e9tier de proximit\u00e9 et de terrain indispensable, qui \u00e9volue et qui change d\u2019image.<\/p>\n","protected":false},"author":5,"featured_media":6114,"comment_status":"open","ping_status":"open","sticky":false,"template":"","format":"standard","meta":{"footnotes":""},"categories":[75],"tags":[],"class_list":["post-6112","post","type-post","status-publish","format-standard","has-post-thumbnail","hentry","category-actu"],"yoast_head":"<!-- This site is optimized with the Yoast SEO Premium plugin v22.4 (Yoast SEO v25.1) - https:\/\/yoast.com\/wordpress\/plugins\/seo\/ -->\n<title>Seqens recrute des gardiens d\u2019immeuble en \u00cele-de-France<\/title>\n<meta name=\"description\" content=\"Plusieurs postes de gardiens d\u2019immeuble sont actuellement \u00e0 pourvoir chez Seqens, l\u2019un des plus grands bailleurs sociaux d\u2019\u00cele-de-France.\" \/>\n<meta name=\"robots\" content=\"index, follow, max-snippet:-1, max-image-preview:large, max-video-preview:-1\" \/>\n<link rel=\"canonical\" href=\"https:\/\/www.monbailleur.fr\/offres-emploi\/actu\/seqens-recrute-gardiens-immeuble\" \/>\n<meta property=\"og:locale\" content=\"fr_FR\" \/>\n<meta property=\"og:type\" content=\"article\" \/>\n<meta property=\"og:title\" content=\"Seqens recrute des gardiens d\u2019immeuble en \u00cele-de-France\" \/>\n<meta property=\"og:description\" content=\"Plusieurs postes de gardiens d\u2019immeuble sont actuellement \u00e0 pourvoir chez Seqens, l\u2019un des plus grands bailleurs sociaux d\u2019\u00cele-de-France.\" \/>\n<meta property=\"og:url\" content=\"https:\/\/www.monbailleur.fr\/offres-emploi\/actu\/seqens-recrute-gardiens-immeuble\" \/>\n<meta property=\"og:site_name\" content=\"Monbailleur.fr - Emploi\" \/>\n<meta property=\"article:published_time\" content=\"2023-07-20T10:49:45+00:00\" \/>\n<meta property=\"article:modified_time\" content=\"2023-07-20T10:49:48+00:00\" \/>\n<meta property=\"og:image\" content=\"https:\/\/www.monbailleur.fr\/offres-emploi\/wp-content\/uploads\/2023\/06\/Logo_SEQENS.png\" \/>\n\t<meta property=\"og:image:width\" content=\"173\" \/>\n\t<meta property=\"og:image:height\" content=\"72\" \/>\n\t<meta property=\"og:image:type\" content=\"image\/png\" \/>\n<meta name=\"author\" content=\"Anna De Gouyon Matignon\" \/>\n<meta name=\"twitter:card\" content=\"summary_large_image\" \/>\n<meta name=\"twitter:label1\" content=\"\u00c9crit par\" \/>\n\t<meta name=\"twitter:data1\" content=\"Anna De Gouyon Matignon\" \/>\n\t<meta name=\"twitter:label2\" content=\"Dur\u00e9e de lecture estim\u00e9e\" \/>\n\t<meta name=\"twitter:data2\" content=\"4 minutes\" \/>\n<script type=\"application\/ld+json\" class=\"yoast-schema-graph\">{\"@context\":\"https:\/\/schema.org\",\"@graph\":[{\"@type\":\"Article\",\"@id\":\"https:\/\/www.monbailleur.fr\/offres-emploi\/actu\/seqens-recrute-gardiens-immeuble#article\",\"isPartOf\":{\"@id\":\"https:\/\/www.monbailleur.fr\/offres-emploi\/actu\/seqens-recrute-gardiens-immeuble\"},\"author\":{\"name\":\"Anna De Gouyon Matignon\",\"@id\":\"https:\/\/www.monbailleur.fr\/offres-emploi\/#\/schema\/person\/0490927abb4c2d7770e99d7d2e6f009b\"},\"headline\":\"Seqens recrute des gardiens d\u2019immeuble en \u00cele-de-France\",\"datePublished\":\"2023-07-20T10:49:45+00:00\",\"dateModified\":\"2023-07-20T10:49:48+00:00\",\"mainEntityOfPage\":{\"@id\":\"https:\/\/www.monbailleur.fr\/offres-emploi\/actu\/seqens-recrute-gardiens-immeuble\"},\"wordCount\":646,\"commentCount\":0,\"publisher\":{\"@id\":\"https:\/\/www.monbailleur.fr\/offres-emploi\/#organization\"},\"image\":{\"@id\":\"https:\/\/www.monbailleur.fr\/offres-emploi\/actu\/seqens-recrute-gardiens-immeuble#primaryimage\"},\"thumbnailUrl\":\"https:\/\/www.monbailleur.fr\/offres-emploi\/wp-content\/uploads\/2023\/06\/Logo_SEQENS.png\",\"articleSection\":[\"Actualit\u00e9s du recrutement\"],\"inLanguage\":\"fr-FR\",\"potentialAction\":[{\"@type\":\"CommentAction\",\"name\":\"Comment\",\"target\":[\"https:\/\/www.monbailleur.fr\/offres-emploi\/actu\/seqens-recrute-gardiens-immeuble#respond\"]}]},{\"@type\":\"WebPage\",\"@id\":\"https:\/\/www.monbailleur.fr\/offres-emploi\/actu\/seqens-recrute-gardiens-immeuble\",\"url\":\"https:\/\/www.monbailleur.fr\/offres-emploi\/actu\/seqens-recrute-gardiens-immeuble\",\"name\":\"Seqens recrute des gardiens d\u2019immeuble en \u00cele-de-France\",\"isPartOf\":{\"@id\":\"https:\/\/www.monbailleur.fr\/offres-emploi\/#website\"},\"primaryImageOfPage\":{\"@id\":\"https:\/\/www.monbailleur.fr\/offres-emploi\/actu\/seqens-recrute-gardiens-immeuble#primaryimage\"},\"image\":{\"@id\":\"https:\/\/www.monbailleur.fr\/offres-emploi\/actu\/seqens-recrute-gardiens-immeuble#primaryimage\"},\"thumbnailUrl\":\"https:\/\/www.monbailleur.fr\/offres-emploi\/wp-content\/uploads\/2023\/06\/Logo_SEQENS.png\",\"datePublished\":\"2023-07-20T10:49:45+00:00\",\"dateModified\":\"2023-07-20T10:49:48+00:00\",\"description\":\"Plusieurs postes de gardiens d\u2019immeuble sont actuellement \u00e0 pourvoir chez Seqens, l\u2019un des plus grands bailleurs sociaux d\u2019\u00cele-de-France.\",\"breadcrumb\":{\"@id\":\"https:\/\/www.monbailleur.fr\/offres-emploi\/actu\/seqens-recrute-gardiens-immeuble#breadcrumb\"},\"inLanguage\":\"fr-FR\",\"potentialAction\":[{\"@type\":\"ReadAction\",\"target\":[\"https:\/\/www.monbailleur.fr\/offres-emploi\/actu\/seqens-recrute-gardiens-immeuble\"]}]},{\"@type\":\"ImageObject\",\"inLanguage\":\"fr-FR\",\"@id\":\"https:\/\/www.monbailleur.fr\/offres-emploi\/actu\/seqens-recrute-gardiens-immeuble#primaryimage\",\"url\":\"https:\/\/www.monbailleur.fr\/offres-emploi\/wp-content\/uploads\/2023\/06\/Logo_SEQENS.png\",\"contentUrl\":\"https:\/\/www.monbailleur.fr\/offres-emploi\/wp-content\/uploads\/2023\/06\/Logo_SEQENS.png\",\"width\":173,\"height\":72,\"caption\":\"Seqens - Groupe Action Logement\"},{\"@type\":\"BreadcrumbList\",\"@id\":\"https:\/\/www.monbailleur.fr\/offres-emploi\/actu\/seqens-recrute-gardiens-immeuble#breadcrumb\",\"itemListElement\":[{\"@type\":\"ListItem\",\"position\":1,\"name\":\"Accueil\",\"item\":\"https:\/\/www.monbailleur.fr\/offres-emploi\/\"},{\"@type\":\"ListItem\",\"position\":2,\"name\":\"Actualit\u00e9s du recrutement\",\"item\":\"https:\/\/www.monbailleur.fr\/offres-emploi\/categorie\/actu\"},{\"@type\":\"ListItem\",\"position\":3,\"name\":\"Seqens recrute des gardiens d\u2019immeuble en \u00cele-de-France\"}]},{\"@type\":\"WebSite\",\"@id\":\"https:\/\/www.monbailleur.fr\/offres-emploi\/#website\",\"url\":\"https:\/\/www.monbailleur.fr\/offres-emploi\/\",\"name\":\"Monbailleur.fr - Emploi\",\"description\":\"Les offres d&#039;emploi du logement social\",\"publisher\":{\"@id\":\"https:\/\/www.monbailleur.fr\/offres-emploi\/#organization\"},\"potentialAction\":[{\"@type\":\"SearchAction\",\"target\":{\"@type\":\"EntryPoint\",\"urlTemplate\":\"https:\/\/www.monbailleur.fr\/offres-emploi\/?s={search_term_string}\"},\"query-input\":{\"@type\":\"PropertyValueSpecification\",\"valueRequired\":true,\"valueName\":\"search_term_string\"}}],\"inLanguage\":\"fr-FR\"},{\"@type\":\"Organization\",\"@id\":\"https:\/\/www.monbailleur.fr\/offres-emploi\/#organization\",\"name\":\"Monbailleur.fr - Emploi\",\"url\":\"https:\/\/www.monbailleur.fr\/offres-emploi\/\",\"logo\":{\"@type\":\"ImageObject\",\"inLanguage\":\"fr-FR\",\"@id\":\"https:\/\/www.monbailleur.fr\/offres-emploi\/#\/schema\/logo\/image\/\",\"url\":\"https:\/\/www.monbailleur.fr\/offres-emploi\/wp-content\/uploads\/2023\/06\/MonBailleur-1200x675-1.png\",\"contentUrl\":\"https:\/\/www.monbailleur.fr\/offres-emploi\/wp-content\/uploads\/2023\/06\/MonBailleur-1200x675-1.png\",\"width\":1200,\"height\":675,\"caption\":\"Monbailleur.fr - Emploi\"},\"image\":{\"@id\":\"https:\/\/www.monbailleur.fr\/offres-emploi\/#\/schema\/logo\/image\/\"}},{\"@type\":\"Person\",\"@id\":\"https:\/\/www.monbailleur.fr\/offres-emploi\/#\/schema\/person\/0490927abb4c2d7770e99d7d2e6f009b\",\"name\":\"Anna De Gouyon Matignon\",\"image\":{\"@type\":\"ImageObject\",\"inLanguage\":\"fr-FR\",\"@id\":\"https:\/\/www.monbailleur.fr\/offres-emploi\/#\/schema\/person\/image\/\",\"url\":\"https:\/\/secure.gravatar.com\/avatar\/97a6594b963a1083033e0377d3282146932874af426cfbb94b136e67991a5638?s=96&d=mm&r=g\",\"contentUrl\":\"https:\/\/secure.gravatar.com\/avatar\/97a6594b963a1083033e0377d3282146932874af426cfbb94b136e67991a5638?s=96&d=mm&r=g\",\"caption\":\"Anna De Gouyon Matignon\"},\"url\":\"https:\/\/www.monbailleur.fr\/offres-emploi\/author\/annadegouyonmatignon\"}]}<\/script>\n<!-- \/ Yoast SEO Premium plugin. -->","yoast_head_json":{"title":"Seqens recrute des gardiens d\u2019immeuble en \u00cele-de-France","description":"Plusieurs postes de gardiens d\u2019immeuble sont actuellement \u00e0 pourvoir chez Seqens, l\u2019un des plus grands bailleurs sociaux d\u2019\u00cele-de-France.","robots":{"index":"index","follow":"follow","max-snippet":"max-snippet:-1","max-image-preview":"max-image-preview:large","max-video-preview":"max-video-preview:-1"},"canonical":"https:\/\/www.monbailleur.fr\/offres-emploi\/actu\/seqens-recrute-gardiens-immeuble","og_locale":"fr_FR","og_type":"article","og_title":"Seqens recrute des gardiens d\u2019immeuble en \u00cele-de-France","og_description":"Plusieurs postes de gardiens d\u2019immeuble sont actuellement \u00e0 pourvoir chez Seqens, l\u2019un des plus grands bailleurs sociaux d\u2019\u00cele-de-France.","og_url":"https:\/\/www.monbailleur.fr\/offres-emploi\/actu\/seqens-recrute-gardiens-immeuble","og_site_name":"Monbailleur.fr - Emploi","article_published_time":"2023-07-20T10:49:45+00:00","article_modified_time":"2023-07-20T10:49:48+00:00","og_image":[{"width":173,"height":72,"url":"https:\/\/www.monbailleur.fr\/offres-emploi\/wp-content\/uploads\/2023\/06\/Logo_SEQENS.png","type":"image\/png"}],"author":"Anna De Gouyon Matignon","twitter_card":"summary_large_image","twitter_misc":{"\u00c9crit par":"Anna De Gouyon Matignon","Dur\u00e9e de lecture estim\u00e9e":"4 minutes"},"schema":{"@context":"https:\/\/schema.org","@graph":[{"@type":"Article","@id":"https:\/\/www.monbailleur.fr\/offres-emploi\/actu\/seqens-recrute-gardiens-immeuble#article","isPartOf":{"@id":"https:\/\/www.monbailleur.fr\/offres-emploi\/actu\/seqens-recrute-gardiens-immeuble"},"author":{"name":"Anna De Gouyon Matignon","@id":"https:\/\/www.monbailleur.fr\/offres-emploi\/#\/schema\/person\/0490927abb4c2d7770e99d7d2e6f009b"},"headline":"Seqens recrute des gardiens d\u2019immeuble en \u00cele-de-France","datePublished":"2023-07-20T10:49:45+00:00","dateModified":"2023-07-20T10:49:48+00:00","mainEntityOfPage":{"@id":"https:\/\/www.monbailleur.fr\/offres-emploi\/actu\/seqens-recrute-gardiens-immeuble"},"wordCount":646,"commentCount":0,"publisher":{"@id":"https:\/\/www.monbailleur.fr\/offres-emploi\/#organization"},"image":{"@id":"https:\/\/www.monbailleur.fr\/offres-emploi\/actu\/seqens-recrute-gardiens-immeuble#primaryimage"},"thumbnailUrl":"https:\/\/www.monbailleur.fr\/offres-emploi\/wp-content\/uploads\/2023\/06\/Logo_SEQENS.png","articleSection":["Actualit\u00e9s du recrutement"],"inLanguage":"fr-FR","potentialAction":[{"@type":"CommentAction","name":"Comment","target":["https:\/\/www.monbailleur.fr\/offres-emploi\/actu\/seqens-recrute-gardiens-immeuble#respond"]}]},{"@type":"WebPage","@id":"https:\/\/www.monbailleur.fr\/offres-emploi\/actu\/seqens-recrute-gardiens-immeuble","url":"https:\/\/www.monbailleur.fr\/offres-emploi\/actu\/seqens-recrute-gardiens-immeuble","name":"Seqens recrute des gardiens d\u2019immeuble en \u00cele-de-France","isPartOf":{"@id":"https:\/\/www.monbailleur.fr\/offres-emploi\/#website"},"primaryImageOfPage":{"@id":"https:\/\/www.monbailleur.fr\/offres-emploi\/actu\/seqens-recrute-gardiens-immeuble#primaryimage"},"image":{"@id":"https:\/\/www.monbailleur.fr\/offres-emploi\/actu\/seqens-recrute-gardiens-immeuble#primaryimage"},"thumbnailUrl":"https:\/\/www.monbailleur.fr\/offres-emploi\/wp-content\/uploads\/2023\/06\/Logo_SEQENS.png","datePublished":"2023-07-20T10:49:45+00:00","dateModified":"2023-07-20T10:49:48+00:00","description":"Plusieurs postes de gardiens d\u2019immeuble sont actuellement \u00e0 pourvoir chez Seqens, l\u2019un des plus grands bailleurs sociaux d\u2019\u00cele-de-France.","breadcrumb":{"@id":"https:\/\/www.monbailleur.fr\/offres-emploi\/actu\/seqens-recrute-gardiens-immeuble#breadcrumb"},"inLanguage":"fr-FR","potentialAction":[{"@type":"ReadAction","target":["https:\/\/www.monbailleur.fr\/offres-emploi\/actu\/seqens-recrute-gardiens-immeuble"]}]},{"@type":"ImageObject","inLanguage":"fr-FR","@id":"https:\/\/www.monbailleur.fr\/offres-emploi\/actu\/seqens-recrute-gardiens-immeuble#primaryimage","url":"https:\/\/www.monbailleur.fr\/offres-emploi\/wp-content\/uploads\/2023\/06\/Logo_SEQENS.png","contentUrl":"https:\/\/www.monbailleur.fr\/offres-emploi\/wp-content\/uploads\/2023\/06\/Logo_SEQENS.png","width":173,"height":72,"caption":"Seqens - Groupe Action Logement"},{"@type":"BreadcrumbList","@id":"https:\/\/www.monbailleur.fr\/offres-emploi\/actu\/seqens-recrute-gardiens-immeuble#breadcrumb","itemListElement":[{"@type":"ListItem","position":1,"name":"Accueil","item":"https:\/\/www.monbailleur.fr\/offres-emploi\/"},{"@type":"ListItem","position":2,"name":"Actualit\u00e9s du recrutement","item":"https:\/\/www.monbailleur.fr\/offres-emploi\/categorie\/actu"},{"@type":"ListItem","position":3,"name":"Seqens recrute des gardiens d\u2019immeuble en \u00cele-de-France"}]},{"@type":"WebSite","@id":"https:\/\/www.monbailleur.fr\/offres-emploi\/#website","url":"https:\/\/www.monbailleur.fr\/offres-emploi\/","name":"Monbailleur.fr - Emploi","description":"Les offres d&#039;emploi du logement social","publisher":{"@id":"https:\/\/www.monbailleur.fr\/offres-emploi\/#organization"},"potentialAction":[{"@type":"SearchAction","target":{"@type":"EntryPoint","urlTemplate":"https:\/\/www.monbailleur.fr\/offres-emploi\/?s={search_term_string}"},"query-input":{"@type":"PropertyValueSpecification","valueRequired":true,"valueName":"search_term_string"}}],"inLanguage":"fr-FR"},{"@type":"Organization","@id":"https:\/\/www.monbailleur.fr\/offres-emploi\/#organization","name":"Monbailleur.fr - Emploi","url":"https:\/\/www.monbailleur.fr\/offres-emploi\/","logo":{"@type":"ImageObject","inLanguage":"fr-FR","@id":"https:\/\/www.monbailleur.fr\/offres-emploi\/#\/schema\/logo\/image\/","url":"https:\/\/www.monbailleur.fr\/offres-emploi\/wp-content\/uploads\/2023\/06\/MonBailleur-1200x675-1.png","contentUrl":"https:\/\/www.monbailleur.fr\/offres-emploi\/wp-content\/uploads\/2023\/06\/MonBailleur-1200x675-1.png","width":1200,"height":675,"caption":"Monbailleur.fr - Emploi"},"image":{"@id":"https:\/\/www.monbailleur.fr\/offres-emploi\/#\/schema\/logo\/image\/"}},{"@type":"Person","@id":"https:\/\/www.monbailleur.fr\/offres-emploi\/#\/schema\/person\/0490927abb4c2d7770e99d7d2e6f009b","name":"Anna De Gouyon Matignon","image":{"@type":"ImageObject","inLanguage":"fr-FR","@id":"https:\/\/www.monbailleur.fr\/offres-emploi\/#\/schema\/person\/image\/","url":"https:\/\/secure.gravatar.com\/avatar\/97a6594b963a1083033e0377d3282146932874af426cfbb94b136e67991a5638?s=96&d=mm&r=g","contentUrl":"https:\/\/secure.gravatar.com\/avatar\/97a6594b963a1083033e0377d3282146932874af426cfbb94b136e67991a5638?s=96&d=mm&r=g","caption":"Anna De Gouyon Matignon"},"url":"https:\/\/www.monbailleur.fr\/offres-emploi\/author\/annadegouyonmatignon"}]}},"jetpack_featured_media_url":"https:\/\/www.monbailleur.fr\/offres-emploi\/wp-content\/uploads\/2023\/06\/Logo_SEQENS.png","_links":{"self":[{"href":"https:\/\/www.monbailleur.fr\/offres-emploi\/wp-json\/wp\/v2\/posts\/6112","targetHints":{"allow":["GET"]}}],"collection":[{"href":"https:\/\/www.monbailleur.fr\/offres-emploi\/wp-json\/wp\/v2\/posts"}],"about":[{"href":"https:\/\/www.monbailleur.fr\/offres-emploi\/wp-json\/wp\/v2\/types\/post"}],"author":[{"embeddable":true,"href":"https:\/\/www.monbailleur.fr\/offres-emploi\/wp-json\/wp\/v2\/users\/5"}],"replies":[{"embeddable":true,"href":"https:\/\/www.monbailleur.fr\/offres-emploi\/wp-json\/wp\/v2\/comments?post=6112"}],"version-history":[{"count":2,"href":"https:\/\/www.monbailleur.fr\/offres-emploi\/wp-json\/wp\/v2\/posts\/6112\/revisions"}],"predecessor-version":[{"id":6768,"href":"https:\/\/www.monbailleur.fr\/offres-emploi\/wp-json\/wp\/v2\/posts\/6112\/revisions\/6768"}],"wp:featuredmedia":[{"embeddable":true,"href":"https:\/\/www.monbailleur.fr\/offres-emploi\/wp-json\/wp\/v2\/media\/6114"}],"wp:attachment":[{"href":"https:\/\/www.monbailleur.fr\/offres-emploi\/wp-json\/wp\/v2\/media?parent=6112"}],"wp:term":[{"taxonomy":"category","embeddable":true,"href":"https:\/\/www.monbailleur.fr\/offres-emploi\/wp-json\/wp\/v2\/categories?post=6112"},{"taxonomy":"post_tag","embeddable":true,"href":"https:\/\/www.monbailleur.fr\/offres-emploi\/wp-json\/wp\/v2\/tags?post=6112"}],"curies":[{"name":"wp","href":"https:\/\/api.w.org\/{rel}","templated":true}]}}