{"id":6117,"date":"2023-07-20T15:27:17","date_gmt":"2023-07-20T13:27:17","guid":{"rendered":"https:\/\/www.monbailleur.fr\/offres-emploi\/?p=6117"},"modified":"2023-07-20T15:27:19","modified_gmt":"2023-07-20T13:27:19","slug":"3f-recrute-gestion-locative","status":"publish","type":"post","link":"https:\/\/www.monbailleur.fr\/offres-emploi\/actu\/3f-recrute-gestion-locative","title":{"rendered":"Gestion locative et sociale : de nombreuses opportunit\u00e9s d\u2019emploi chez 3F"},"content":{"rendered":"\n\n<div class=\"kk-star-ratings kksr-auto kksr-align-left kksr-valign-top\"\n    data-payload='{&quot;align&quot;:&quot;left&quot;,&quot;id&quot;:&quot;6117&quot;,&quot;slug&quot;:&quot;default&quot;,&quot;valign&quot;:&quot;top&quot;,&quot;ignore&quot;:&quot;&quot;,&quot;reference&quot;:&quot;auto&quot;,&quot;class&quot;:&quot;&quot;,&quot;count&quot;:&quot;1&quot;,&quot;legendonly&quot;:&quot;&quot;,&quot;readonly&quot;:&quot;&quot;,&quot;score&quot;:&quot;4&quot;,&quot;starsonly&quot;:&quot;&quot;,&quot;best&quot;:&quot;5&quot;,&quot;gap&quot;:&quot;5&quot;,&quot;greet&quot;:&quot;&quot;,&quot;legend&quot;:&quot;4\\\/5 - (1 vote)&quot;,&quot;size&quot;:&quot;24&quot;,&quot;title&quot;:&quot;Gestion locative et sociale : de nombreuses opportunit\u00e9s d\u2019emploi chez 3F&quot;,&quot;width&quot;:&quot;113.5&quot;,&quot;_legend&quot;:&quot;{score}\\\/{best} - ({count} {votes})&quot;,&quot;font_factor&quot;:&quot;1.25&quot;}'>\n            \n<div class=\"kksr-stars\">\n    \n<div class=\"kksr-stars-inactive\">\n            <div class=\"kksr-star\" data-star=\"1\" style=\"padding-right: 5px\">\n            \n\n<div class=\"kksr-icon\" style=\"width: 24px; height: 24px;\"><\/div>\n        <\/div>\n            <div class=\"kksr-star\" data-star=\"2\" style=\"padding-right: 5px\">\n            \n\n<div class=\"kksr-icon\" style=\"width: 24px; height: 24px;\"><\/div>\n        <\/div>\n            <div class=\"kksr-star\" data-star=\"3\" style=\"padding-right: 5px\">\n            \n\n<div class=\"kksr-icon\" style=\"width: 24px; height: 24px;\"><\/div>\n        <\/div>\n            <div class=\"kksr-star\" data-star=\"4\" style=\"padding-right: 5px\">\n            \n\n<div class=\"kksr-icon\" style=\"width: 24px; height: 24px;\"><\/div>\n        <\/div>\n            <div class=\"kksr-star\" data-star=\"5\" style=\"padding-right: 5px\">\n            \n\n<div class=\"kksr-icon\" style=\"width: 24px; height: 24px;\"><\/div>\n        <\/div>\n    <\/div>\n    \n<div class=\"kksr-stars-active\" style=\"width: 113.5px;\">\n            <div class=\"kksr-star\" style=\"padding-right: 5px\">\n            \n\n<div class=\"kksr-icon\" style=\"width: 24px; height: 24px;\"><\/div>\n        <\/div>\n            <div class=\"kksr-star\" style=\"padding-right: 5px\">\n            \n\n<div class=\"kksr-icon\" style=\"width: 24px; height: 24px;\"><\/div>\n        <\/div>\n            <div class=\"kksr-star\" style=\"padding-right: 5px\">\n            \n\n<div class=\"kksr-icon\" style=\"width: 24px; height: 24px;\"><\/div>\n        <\/div>\n            <div class=\"kksr-star\" style=\"padding-right: 5px\">\n            \n\n<div class=\"kksr-icon\" style=\"width: 24px; height: 24px;\"><\/div>\n        <\/div>\n            <div class=\"kksr-star\" style=\"padding-right: 5px\">\n            \n\n<div class=\"kksr-icon\" style=\"width: 24px; height: 24px;\"><\/div>\n        <\/div>\n    <\/div>\n<\/div>\n                \n\n<div class=\"kksr-legend\" style=\"font-size: 19.2px;\">\n            4\/5 - (1 vote)    <\/div>\n    <\/div>\n<p class=\"wp-block-paragraph\">Bailleur social de r\u00e9f\u00e9rence en France, <strong>3F<\/strong> propose actuellement de <strong>nombreux postes<\/strong> dans les m\u00e9tiers de la <strong>gestion immobili\u00e8re<\/strong>. Une opportunit\u00e9 id\u00e9ale pour rejoindre les \u00e9quipes d\u2019une entreprise responsable et engag\u00e9e,<strong> <\/strong>et exercer un m\u00e9tier utile.<\/p><!--more--><h2 class=\"wp-block-heading\" id=\"h-rejoindre-les-equipes-de-3f-pour-travailler-dans-un-environnement-stimulant-et-un-secteur-utile\">Rejoindre les \u00e9quipes de 3F, pour travailler dans un environnement stimulant et un secteur utile&nbsp;<\/h2><p class=\"wp-block-paragraph\">Filiale du groupe Action Logement, le <strong>Groupe 3F<\/strong> regroupe 13 soci\u00e9t\u00e9s sur l\u2019ensemble du territoire fran\u00e7ais (en \u00cele-de-France et en R\u00e9gion). Partenaire de proximit\u00e9 des collectivit\u00e9s, le bailleur g\u00e8re au total <strong>290 000 logements<\/strong> sociaux, foyers et commerces en France. Principale entreprise de logement social en France, elle propose plusieurs solutions d\u2019habitations \u00e0 loyer mod\u00e9r\u00e9 aux personnes \u00e0 revenus modestes.\u00a0<\/p><div class=\"wp-block-image\"><figure class=\"aligncenter size-large\"><img decoding=\"async\" width=\"1024\" height=\"209\" src=\"https:\/\/www.monbailleur.fr\/offres-emploi\/wp-content\/uploads\/2023\/06\/dc0889f568191570045f730dc998136f-1024x209.jpeg\" alt=\"travailleurs du groupe 3F, grand bailleur social en France\" class=\"wp-image-6119\" srcset=\"https:\/\/www.monbailleur.fr\/offres-emploi\/wp-content\/uploads\/2023\/06\/dc0889f568191570045f730dc998136f-1024x209.jpeg 1024w, https:\/\/www.monbailleur.fr\/offres-emploi\/wp-content\/uploads\/2023\/06\/dc0889f568191570045f730dc998136f-300x61.jpeg 300w, https:\/\/www.monbailleur.fr\/offres-emploi\/wp-content\/uploads\/2023\/06\/dc0889f568191570045f730dc998136f-768x157.jpeg 768w, https:\/\/www.monbailleur.fr\/offres-emploi\/wp-content\/uploads\/2023\/06\/dc0889f568191570045f730dc998136f-1536x313.jpeg 1536w, https:\/\/www.monbailleur.fr\/offres-emploi\/wp-content\/uploads\/2023\/06\/dc0889f568191570045f730dc998136f-600x122.jpeg 600w, https:\/\/www.monbailleur.fr\/offres-emploi\/wp-content\/uploads\/2023\/06\/dc0889f568191570045f730dc998136f.jpeg 1960w\" sizes=\"(max-width: 1024px) 100vw, 1024px\" \/><figcaption class=\"wp-element-caption\">Rejoindre les \u00e9quipes de 3F<\/figcaption><\/figure><\/div><p class=\"wp-block-paragraph\">3F emploie actuellement <strong>4 300 personnes<\/strong>, dans 250 m\u00e9tiers et 3 grands domaines d\u2019expertise (la gestion immobili\u00e8re, la ma\u00eetrise d&rsquo;ouvrage et la gestion d\u2019entreprise). Et pour d\u00e9velopper ses activit\u00e9s, maintenir une offre de qualit\u00e9 et continuer \u00e0 proposer des services adapt\u00e9s, le bailleur augmente r\u00e9guli\u00e8rement les effectifs de ses \u00e9quipes. Il <strong>recrute activement<\/strong> sur de nombreux postes en France, et notamment dans les m\u00e9tiers de la gestion locative et sociale.<\/p><p class=\"wp-block-paragraph\">Aujourd\u2019hui, plus de 92 % de ses collaborateurs et collaboratrices recommandent le bailleur. Rejoindre ses \u00e9quipes permet en effet d\u2019exercer un <strong>m\u00e9tier utile, dans un environnement dynamique et stimulant<\/strong>. En plus de cultiver la diversit\u00e9 des talents, 3F met en avant le collectif et agit pour l\u2019\u00e9galit\u00e9 femmes-hommes. Le bailleur favorise \u00e9galement l\u2019apprentissage et l\u2019insertion des jeunes, l\u2019\u00e9panouissement au travail et la mobilit\u00e9 professionnelle.\u00a0<\/p><h2 class=\"wp-block-heading\">Des offres d\u2019emploi dans tous les m\u00e9tiers de la gestion immobili\u00e8re<\/h2><p class=\"wp-block-paragraph\">Pour apporter des services de qualit\u00e9 \u00e0 celles et ceux qui vivent dans ses logements sociaux, le groupe 3F emploie de nombreux professionnels de la <strong>gestion immobili\u00e8re<\/strong>. Ils exercent leur m\u00e9tier dans les secteurs de la gestion locative et sociale, et dans la vente de logements.\u00a0<\/p><div class=\"wp-block-image\"><figure class=\"aligncenter size-full\"><img decoding=\"async\" width=\"1000\" height=\"664\" src=\"https:\/\/www.monbailleur.fr\/offres-emploi\/wp-content\/uploads\/2023\/06\/3FGENNEVILLIERS.jpeg\" alt=\"logements sociaux \u00e0 Gennevilliers (92), par le bailleur social groupe 3F\" class=\"wp-image-6118\" srcset=\"https:\/\/www.monbailleur.fr\/offres-emploi\/wp-content\/uploads\/2023\/06\/3FGENNEVILLIERS.jpeg 1000w, https:\/\/www.monbailleur.fr\/offres-emploi\/wp-content\/uploads\/2023\/06\/3FGENNEVILLIERS-300x199.jpeg 300w, https:\/\/www.monbailleur.fr\/offres-emploi\/wp-content\/uploads\/2023\/06\/3FGENNEVILLIERS-768x510.jpeg 768w, https:\/\/www.monbailleur.fr\/offres-emploi\/wp-content\/uploads\/2023\/06\/3FGENNEVILLIERS-600x398.jpeg 600w\" sizes=\"(max-width: 1000px) 100vw, 1000px\" \/><figcaption class=\"wp-element-caption\">Groupe 3F &#8211; Logements sociaux \u00e0 Gennevilliers (92)<\/figcaption><\/figure><\/div><p class=\"wp-block-paragraph\">Plusieurs postes sont actuellement \u00e0 pourvoir chez 3F,&nbsp; en \u00cele-de-France et en R\u00e9gion. Le bailleur recrute notamment pour les m\u00e9tiers de :<\/p><ul class=\"wp-block-list\"><li>Assistant commercial, pour pr\u00e9parer et suivre les dossiers d\u2019attribution des HLM du bailleur ;<\/li>\n\n<li><a href=\"https:\/\/www.monbailleur.fr\/offres-emploi\/metiers\/gestionnaire-locatif\" target=\"_blank\" rel=\"noreferrer noopener\">Charg\u00e9 de gestion locative<\/a>, pour assurer la gestion administrative des dossiers des locataires ;<\/li>\n\n<li>Charg\u00e9 de mission Coh\u00e9sion et innovation sociale, pour am\u00e9liorer la vie des locataires, en travaillant au sein du d\u00e9partement Coh\u00e9sion et innovation sociale (DCIS) ;<\/li>\n\n<li>Charg\u00e9 de recouvrement locatif, pour recouvrer les cr\u00e9ances des locataires et aider le bailleur \u00e0 pr\u00e9venir les impay\u00e9s ;<\/li>\n\n<li>Charg\u00e9 d\u2019accompagnement social, pour aider les familles en difficult\u00e9 \u00e0 acc\u00e9der \u00e0 une habitation \u00e0 loyer mod\u00e9r\u00e9, ou \u00e0 se maintenir dans leur logement ;<\/li>\n\n<li>Charg\u00e9 de relation client\u00e8le, pour r\u00e9pondre \u00e0 toutes les questions des locataires par t\u00e9l\u00e9phone.<\/li><\/ul><p class=\"wp-block-paragraph\">D\u00e9couvrez toutes les offres d\u2019emploi et de stage sur le <a href=\"https:\/\/www.groupe3f.fr\/offres-d-emploi\" target=\"_blank\" rel=\"noreferrer noopener\">site internet de 3F<\/a>. Vous pouvez classer les offres par familles de m\u00e9tiers et par zones g\u00e9ographiques. Et pour en savoir plus sur les opportunit\u00e9s d\u2019emploi actuelles chez les bailleurs sociaux, n\u2019h\u00e9sitez pas \u00e0 consultez notre plateforme <a href=\"https:\/\/www.monbailleur.fr\/offres-emploi\/\" target=\"_blank\" rel=\"noreferrer noopener\">d&rsquo;offres d\u2019emploi<\/a>.<\/p>","protected":false},"excerpt":{"rendered":"<p>Bailleur social de r\u00e9f\u00e9rence en France, 3F propose actuellement de nombreux postes dans les m\u00e9tiers de la gestion immobili\u00e8re. Une opportunit\u00e9 id\u00e9ale pour rejoindre les \u00e9quipes d\u2019une entreprise responsable et engag\u00e9e, et exercer un m\u00e9tier utile.<\/p>\n","protected":false},"author":5,"featured_media":6120,"comment_status":"open","ping_status":"open","sticky":false,"template":"","format":"standard","meta":{"footnotes":""},"categories":[75],"tags":[],"class_list":["post-6117","post","type-post","status-publish","format-standard","has-post-thumbnail","hentry","category-actu"],"yoast_head":"<!-- This site is optimized with the Yoast SEO Premium plugin v22.4 (Yoast SEO v25.1) - https:\/\/yoast.com\/wordpress\/plugins\/seo\/ -->\n<title>Gestion locative et sociale : des opportunit\u00e9s d\u2019emploi chez 3F<\/title>\n<meta name=\"description\" content=\"Bailleur social de r\u00e9f\u00e9rence, 3F propose actuellement de nombreuses opportunit\u00e9s d&#039;emploi dans les m\u00e9tiers de la gestion immobili\u00e8re.\" \/>\n<meta name=\"robots\" content=\"index, follow, max-snippet:-1, max-image-preview:large, max-video-preview:-1\" \/>\n<link rel=\"canonical\" href=\"https:\/\/www.monbailleur.fr\/offres-emploi\/actu\/3f-recrute-gestion-locative\" \/>\n<meta property=\"og:locale\" content=\"fr_FR\" \/>\n<meta property=\"og:type\" content=\"article\" \/>\n<meta property=\"og:title\" content=\"Gestion locative et sociale : de nombreuses opportunit\u00e9s d\u2019emploi chez 3F\" \/>\n<meta property=\"og:description\" content=\"Bailleur social de r\u00e9f\u00e9rence, 3F propose actuellement de nombreuses opportunit\u00e9s d&#039;emploi dans les m\u00e9tiers de la gestion immobili\u00e8re.\" \/>\n<meta property=\"og:url\" content=\"https:\/\/www.monbailleur.fr\/offres-emploi\/actu\/3f-recrute-gestion-locative\" \/>\n<meta property=\"og:site_name\" content=\"Monbailleur.fr - Emploi\" \/>\n<meta property=\"article:published_time\" content=\"2023-07-20T13:27:17+00:00\" \/>\n<meta property=\"article:modified_time\" content=\"2023-07-20T13:27:19+00:00\" \/>\n<meta property=\"og:image\" content=\"https:\/\/www.monbailleur.fr\/offres-emploi\/wp-content\/uploads\/2023\/06\/logo_site_v2_1.png\" \/>\n\t<meta property=\"og:image:width\" content=\"182\" \/>\n\t<meta property=\"og:image:height\" content=\"104\" \/>\n\t<meta property=\"og:image:type\" content=\"image\/png\" \/>\n<meta name=\"author\" content=\"Anna De Gouyon Matignon\" \/>\n<meta name=\"twitter:card\" content=\"summary_large_image\" \/>\n<meta name=\"twitter:label1\" content=\"\u00c9crit par\" \/>\n\t<meta name=\"twitter:data1\" content=\"Anna De Gouyon Matignon\" \/>\n\t<meta name=\"twitter:label2\" content=\"Dur\u00e9e de lecture estim\u00e9e\" \/>\n\t<meta name=\"twitter:data2\" content=\"3 minutes\" \/>\n<script type=\"application\/ld+json\" class=\"yoast-schema-graph\">{\"@context\":\"https:\/\/schema.org\",\"@graph\":[{\"@type\":\"Article\",\"@id\":\"https:\/\/www.monbailleur.fr\/offres-emploi\/actu\/3f-recrute-gestion-locative#article\",\"isPartOf\":{\"@id\":\"https:\/\/www.monbailleur.fr\/offres-emploi\/actu\/3f-recrute-gestion-locative\"},\"author\":{\"name\":\"Anna De Gouyon Matignon\",\"@id\":\"https:\/\/www.monbailleur.fr\/offres-emploi\/#\/schema\/person\/0490927abb4c2d7770e99d7d2e6f009b\"},\"headline\":\"Gestion locative et sociale : de nombreuses opportunit\u00e9s d\u2019emploi chez 3F\",\"datePublished\":\"2023-07-20T13:27:17+00:00\",\"dateModified\":\"2023-07-20T13:27:19+00:00\",\"mainEntityOfPage\":{\"@id\":\"https:\/\/www.monbailleur.fr\/offres-emploi\/actu\/3f-recrute-gestion-locative\"},\"wordCount\":551,\"commentCount\":0,\"publisher\":{\"@id\":\"https:\/\/www.monbailleur.fr\/offres-emploi\/#organization\"},\"image\":{\"@id\":\"https:\/\/www.monbailleur.fr\/offres-emploi\/actu\/3f-recrute-gestion-locative#primaryimage\"},\"thumbnailUrl\":\"https:\/\/www.monbailleur.fr\/offres-emploi\/wp-content\/uploads\/2023\/06\/logo_site_v2_1.png\",\"articleSection\":[\"Actualit\u00e9s du recrutement\"],\"inLanguage\":\"fr-FR\",\"potentialAction\":[{\"@type\":\"CommentAction\",\"name\":\"Comment\",\"target\":[\"https:\/\/www.monbailleur.fr\/offres-emploi\/actu\/3f-recrute-gestion-locative#respond\"]}]},{\"@type\":\"WebPage\",\"@id\":\"https:\/\/www.monbailleur.fr\/offres-emploi\/actu\/3f-recrute-gestion-locative\",\"url\":\"https:\/\/www.monbailleur.fr\/offres-emploi\/actu\/3f-recrute-gestion-locative\",\"name\":\"Gestion locative et sociale : des opportunit\u00e9s d\u2019emploi chez 3F\",\"isPartOf\":{\"@id\":\"https:\/\/www.monbailleur.fr\/offres-emploi\/#website\"},\"primaryImageOfPage\":{\"@id\":\"https:\/\/www.monbailleur.fr\/offres-emploi\/actu\/3f-recrute-gestion-locative#primaryimage\"},\"image\":{\"@id\":\"https:\/\/www.monbailleur.fr\/offres-emploi\/actu\/3f-recrute-gestion-locative#primaryimage\"},\"thumbnailUrl\":\"https:\/\/www.monbailleur.fr\/offres-emploi\/wp-content\/uploads\/2023\/06\/logo_site_v2_1.png\",\"datePublished\":\"2023-07-20T13:27:17+00:00\",\"dateModified\":\"2023-07-20T13:27:19+00:00\",\"description\":\"Bailleur social de r\u00e9f\u00e9rence, 3F propose actuellement de nombreuses opportunit\u00e9s d'emploi dans les m\u00e9tiers de la gestion immobili\u00e8re.\",\"breadcrumb\":{\"@id\":\"https:\/\/www.monbailleur.fr\/offres-emploi\/actu\/3f-recrute-gestion-locative#breadcrumb\"},\"inLanguage\":\"fr-FR\",\"potentialAction\":[{\"@type\":\"ReadAction\",\"target\":[\"https:\/\/www.monbailleur.fr\/offres-emploi\/actu\/3f-recrute-gestion-locative\"]}]},{\"@type\":\"ImageObject\",\"inLanguage\":\"fr-FR\",\"@id\":\"https:\/\/www.monbailleur.fr\/offres-emploi\/actu\/3f-recrute-gestion-locative#primaryimage\",\"url\":\"https:\/\/www.monbailleur.fr\/offres-emploi\/wp-content\/uploads\/2023\/06\/logo_site_v2_1.png\",\"contentUrl\":\"https:\/\/www.monbailleur.fr\/offres-emploi\/wp-content\/uploads\/2023\/06\/logo_site_v2_1.png\",\"width\":182,\"height\":104,\"caption\":\"3F - Groupe Action Logement\"},{\"@type\":\"BreadcrumbList\",\"@id\":\"https:\/\/www.monbailleur.fr\/offres-emploi\/actu\/3f-recrute-gestion-locative#breadcrumb\",\"itemListElement\":[{\"@type\":\"ListItem\",\"position\":1,\"name\":\"Accueil\",\"item\":\"https:\/\/www.monbailleur.fr\/offres-emploi\/\"},{\"@type\":\"ListItem\",\"position\":2,\"name\":\"Actualit\u00e9s du recrutement\",\"item\":\"https:\/\/www.monbailleur.fr\/offres-emploi\/categorie\/actu\"},{\"@type\":\"ListItem\",\"position\":3,\"name\":\"Gestion locative et sociale : de nombreuses opportunit\u00e9s d\u2019emploi chez 3F\"}]},{\"@type\":\"WebSite\",\"@id\":\"https:\/\/www.monbailleur.fr\/offres-emploi\/#website\",\"url\":\"https:\/\/www.monbailleur.fr\/offres-emploi\/\",\"name\":\"Monbailleur.fr - Emploi\",\"description\":\"Les offres d&#039;emploi du logement social\",\"publisher\":{\"@id\":\"https:\/\/www.monbailleur.fr\/offres-emploi\/#organization\"},\"potentialAction\":[{\"@type\":\"SearchAction\",\"target\":{\"@type\":\"EntryPoint\",\"urlTemplate\":\"https:\/\/www.monbailleur.fr\/offres-emploi\/?s={search_term_string}\"},\"query-input\":{\"@type\":\"PropertyValueSpecification\",\"valueRequired\":true,\"valueName\":\"search_term_string\"}}],\"inLanguage\":\"fr-FR\"},{\"@type\":\"Organization\",\"@id\":\"https:\/\/www.monbailleur.fr\/offres-emploi\/#organization\",\"name\":\"Monbailleur.fr - Emploi\",\"url\":\"https:\/\/www.monbailleur.fr\/offres-emploi\/\",\"logo\":{\"@type\":\"ImageObject\",\"inLanguage\":\"fr-FR\",\"@id\":\"https:\/\/www.monbailleur.fr\/offres-emploi\/#\/schema\/logo\/image\/\",\"url\":\"https:\/\/www.monbailleur.fr\/offres-emploi\/wp-content\/uploads\/2023\/06\/MonBailleur-1200x675-1.png\",\"contentUrl\":\"https:\/\/www.monbailleur.fr\/offres-emploi\/wp-content\/uploads\/2023\/06\/MonBailleur-1200x675-1.png\",\"width\":1200,\"height\":675,\"caption\":\"Monbailleur.fr - Emploi\"},\"image\":{\"@id\":\"https:\/\/www.monbailleur.fr\/offres-emploi\/#\/schema\/logo\/image\/\"}},{\"@type\":\"Person\",\"@id\":\"https:\/\/www.monbailleur.fr\/offres-emploi\/#\/schema\/person\/0490927abb4c2d7770e99d7d2e6f009b\",\"name\":\"Anna De Gouyon Matignon\",\"image\":{\"@type\":\"ImageObject\",\"inLanguage\":\"fr-FR\",\"@id\":\"https:\/\/www.monbailleur.fr\/offres-emploi\/#\/schema\/person\/image\/\",\"url\":\"https:\/\/secure.gravatar.com\/avatar\/97a6594b963a1083033e0377d3282146932874af426cfbb94b136e67991a5638?s=96&d=mm&r=g\",\"contentUrl\":\"https:\/\/secure.gravatar.com\/avatar\/97a6594b963a1083033e0377d3282146932874af426cfbb94b136e67991a5638?s=96&d=mm&r=g\",\"caption\":\"Anna De Gouyon Matignon\"},\"url\":\"https:\/\/www.monbailleur.fr\/offres-emploi\/author\/annadegouyonmatignon\"}]}<\/script>\n<!-- \/ Yoast SEO Premium plugin. -->","yoast_head_json":{"title":"Gestion locative et sociale : des opportunit\u00e9s d\u2019emploi chez 3F","description":"Bailleur social de r\u00e9f\u00e9rence, 3F propose actuellement de nombreuses opportunit\u00e9s d'emploi dans les m\u00e9tiers de la gestion immobili\u00e8re.","robots":{"index":"index","follow":"follow","max-snippet":"max-snippet:-1","max-image-preview":"max-image-preview:large","max-video-preview":"max-video-preview:-1"},"canonical":"https:\/\/www.monbailleur.fr\/offres-emploi\/actu\/3f-recrute-gestion-locative","og_locale":"fr_FR","og_type":"article","og_title":"Gestion locative et sociale : de nombreuses opportunit\u00e9s d\u2019emploi chez 3F","og_description":"Bailleur social de r\u00e9f\u00e9rence, 3F propose actuellement de nombreuses opportunit\u00e9s d'emploi dans les m\u00e9tiers de la gestion immobili\u00e8re.","og_url":"https:\/\/www.monbailleur.fr\/offres-emploi\/actu\/3f-recrute-gestion-locative","og_site_name":"Monbailleur.fr - Emploi","article_published_time":"2023-07-20T13:27:17+00:00","article_modified_time":"2023-07-20T13:27:19+00:00","og_image":[{"width":182,"height":104,"url":"https:\/\/www.monbailleur.fr\/offres-emploi\/wp-content\/uploads\/2023\/06\/logo_site_v2_1.png","type":"image\/png"}],"author":"Anna De Gouyon Matignon","twitter_card":"summary_large_image","twitter_misc":{"\u00c9crit par":"Anna De Gouyon Matignon","Dur\u00e9e de lecture estim\u00e9e":"3 minutes"},"schema":{"@context":"https:\/\/schema.org","@graph":[{"@type":"Article","@id":"https:\/\/www.monbailleur.fr\/offres-emploi\/actu\/3f-recrute-gestion-locative#article","isPartOf":{"@id":"https:\/\/www.monbailleur.fr\/offres-emploi\/actu\/3f-recrute-gestion-locative"},"author":{"name":"Anna De Gouyon Matignon","@id":"https:\/\/www.monbailleur.fr\/offres-emploi\/#\/schema\/person\/0490927abb4c2d7770e99d7d2e6f009b"},"headline":"Gestion locative et sociale : de nombreuses opportunit\u00e9s d\u2019emploi chez 3F","datePublished":"2023-07-20T13:27:17+00:00","dateModified":"2023-07-20T13:27:19+00:00","mainEntityOfPage":{"@id":"https:\/\/www.monbailleur.fr\/offres-emploi\/actu\/3f-recrute-gestion-locative"},"wordCount":551,"commentCount":0,"publisher":{"@id":"https:\/\/www.monbailleur.fr\/offres-emploi\/#organization"},"image":{"@id":"https:\/\/www.monbailleur.fr\/offres-emploi\/actu\/3f-recrute-gestion-locative#primaryimage"},"thumbnailUrl":"https:\/\/www.monbailleur.fr\/offres-emploi\/wp-content\/uploads\/2023\/06\/logo_site_v2_1.png","articleSection":["Actualit\u00e9s du recrutement"],"inLanguage":"fr-FR","potentialAction":[{"@type":"CommentAction","name":"Comment","target":["https:\/\/www.monbailleur.fr\/offres-emploi\/actu\/3f-recrute-gestion-locative#respond"]}]},{"@type":"WebPage","@id":"https:\/\/www.monbailleur.fr\/offres-emploi\/actu\/3f-recrute-gestion-locative","url":"https:\/\/www.monbailleur.fr\/offres-emploi\/actu\/3f-recrute-gestion-locative","name":"Gestion locative et sociale : des opportunit\u00e9s d\u2019emploi chez 3F","isPartOf":{"@id":"https:\/\/www.monbailleur.fr\/offres-emploi\/#website"},"primaryImageOfPage":{"@id":"https:\/\/www.monbailleur.fr\/offres-emploi\/actu\/3f-recrute-gestion-locative#primaryimage"},"image":{"@id":"https:\/\/www.monbailleur.fr\/offres-emploi\/actu\/3f-recrute-gestion-locative#primaryimage"},"thumbnailUrl":"https:\/\/www.monbailleur.fr\/offres-emploi\/wp-content\/uploads\/2023\/06\/logo_site_v2_1.png","datePublished":"2023-07-20T13:27:17+00:00","dateModified":"2023-07-20T13:27:19+00:00","description":"Bailleur social de r\u00e9f\u00e9rence, 3F propose actuellement de nombreuses opportunit\u00e9s d'emploi dans les m\u00e9tiers de la gestion immobili\u00e8re.","breadcrumb":{"@id":"https:\/\/www.monbailleur.fr\/offres-emploi\/actu\/3f-recrute-gestion-locative#breadcrumb"},"inLanguage":"fr-FR","potentialAction":[{"@type":"ReadAction","target":["https:\/\/www.monbailleur.fr\/offres-emploi\/actu\/3f-recrute-gestion-locative"]}]},{"@type":"ImageObject","inLanguage":"fr-FR","@id":"https:\/\/www.monbailleur.fr\/offres-emploi\/actu\/3f-recrute-gestion-locative#primaryimage","url":"https:\/\/www.monbailleur.fr\/offres-emploi\/wp-content\/uploads\/2023\/06\/logo_site_v2_1.png","contentUrl":"https:\/\/www.monbailleur.fr\/offres-emploi\/wp-content\/uploads\/2023\/06\/logo_site_v2_1.png","width":182,"height":104,"caption":"3F - Groupe Action Logement"},{"@type":"BreadcrumbList","@id":"https:\/\/www.monbailleur.fr\/offres-emploi\/actu\/3f-recrute-gestion-locative#breadcrumb","itemListElement":[{"@type":"ListItem","position":1,"name":"Accueil","item":"https:\/\/www.monbailleur.fr\/offres-emploi\/"},{"@type":"ListItem","position":2,"name":"Actualit\u00e9s du recrutement","item":"https:\/\/www.monbailleur.fr\/offres-emploi\/categorie\/actu"},{"@type":"ListItem","position":3,"name":"Gestion locative et sociale : de nombreuses opportunit\u00e9s d\u2019emploi chez 3F"}]},{"@type":"WebSite","@id":"https:\/\/www.monbailleur.fr\/offres-emploi\/#website","url":"https:\/\/www.monbailleur.fr\/offres-emploi\/","name":"Monbailleur.fr - Emploi","description":"Les offres d&#039;emploi du logement social","publisher":{"@id":"https:\/\/www.monbailleur.fr\/offres-emploi\/#organization"},"potentialAction":[{"@type":"SearchAction","target":{"@type":"EntryPoint","urlTemplate":"https:\/\/www.monbailleur.fr\/offres-emploi\/?s={search_term_string}"},"query-input":{"@type":"PropertyValueSpecification","valueRequired":true,"valueName":"search_term_string"}}],"inLanguage":"fr-FR"},{"@type":"Organization","@id":"https:\/\/www.monbailleur.fr\/offres-emploi\/#organization","name":"Monbailleur.fr - Emploi","url":"https:\/\/www.monbailleur.fr\/offres-emploi\/","logo":{"@type":"ImageObject","inLanguage":"fr-FR","@id":"https:\/\/www.monbailleur.fr\/offres-emploi\/#\/schema\/logo\/image\/","url":"https:\/\/www.monbailleur.fr\/offres-emploi\/wp-content\/uploads\/2023\/06\/MonBailleur-1200x675-1.png","contentUrl":"https:\/\/www.monbailleur.fr\/offres-emploi\/wp-content\/uploads\/2023\/06\/MonBailleur-1200x675-1.png","width":1200,"height":675,"caption":"Monbailleur.fr - Emploi"},"image":{"@id":"https:\/\/www.monbailleur.fr\/offres-emploi\/#\/schema\/logo\/image\/"}},{"@type":"Person","@id":"https:\/\/www.monbailleur.fr\/offres-emploi\/#\/schema\/person\/0490927abb4c2d7770e99d7d2e6f009b","name":"Anna De Gouyon Matignon","image":{"@type":"ImageObject","inLanguage":"fr-FR","@id":"https:\/\/www.monbailleur.fr\/offres-emploi\/#\/schema\/person\/image\/","url":"https:\/\/secure.gravatar.com\/avatar\/97a6594b963a1083033e0377d3282146932874af426cfbb94b136e67991a5638?s=96&d=mm&r=g","contentUrl":"https:\/\/secure.gravatar.com\/avatar\/97a6594b963a1083033e0377d3282146932874af426cfbb94b136e67991a5638?s=96&d=mm&r=g","caption":"Anna De Gouyon Matignon"},"url":"https:\/\/www.monbailleur.fr\/offres-emploi\/author\/annadegouyonmatignon"}]}},"jetpack_featured_media_url":"https:\/\/www.monbailleur.fr\/offres-emploi\/wp-content\/uploads\/2023\/06\/logo_site_v2_1.png","_links":{"self":[{"href":"https:\/\/www.monbailleur.fr\/offres-emploi\/wp-json\/wp\/v2\/posts\/6117","targetHints":{"allow":["GET"]}}],"collection":[{"href":"https:\/\/www.monbailleur.fr\/offres-emploi\/wp-json\/wp\/v2\/posts"}],"about":[{"href":"https:\/\/www.monbailleur.fr\/offres-emploi\/wp-json\/wp\/v2\/types\/post"}],"author":[{"embeddable":true,"href":"https:\/\/www.monbailleur.fr\/offres-emploi\/wp-json\/wp\/v2\/users\/5"}],"replies":[{"embeddable":true,"href":"https:\/\/www.monbailleur.fr\/offres-emploi\/wp-json\/wp\/v2\/comments?post=6117"}],"version-history":[{"count":3,"href":"https:\/\/www.monbailleur.fr\/offres-emploi\/wp-json\/wp\/v2\/posts\/6117\/revisions"}],"predecessor-version":[{"id":6770,"href":"https:\/\/www.monbailleur.fr\/offres-emploi\/wp-json\/wp\/v2\/posts\/6117\/revisions\/6770"}],"wp:featuredmedia":[{"embeddable":true,"href":"https:\/\/www.monbailleur.fr\/offres-emploi\/wp-json\/wp\/v2\/media\/6120"}],"wp:attachment":[{"href":"https:\/\/www.monbailleur.fr\/offres-emploi\/wp-json\/wp\/v2\/media?parent=6117"}],"wp:term":[{"taxonomy":"category","embeddable":true,"href":"https:\/\/www.monbailleur.fr\/offres-emploi\/wp-json\/wp\/v2\/categories?post=6117"},{"taxonomy":"post_tag","embeddable":true,"href":"https:\/\/www.monbailleur.fr\/offres-emploi\/wp-json\/wp\/v2\/tags?post=6117"}],"curies":[{"name":"wp","href":"https:\/\/api.w.org\/{rel}","templated":true}]}}