{"id":6384,"date":"2023-08-01T15:40:51","date_gmt":"2023-08-01T13:40:51","guid":{"rendered":"https:\/\/www.monbailleur.fr\/offres-emploi\/?p=6384"},"modified":"2023-08-01T15:40:54","modified_gmt":"2023-08-01T13:40:54","slug":"cote-d-azur-habitat-recrute-gardiens-immeuble","status":"publish","type":"post","link":"https:\/\/www.monbailleur.fr\/offres-emploi\/actu\/cote-d-azur-habitat-recrute-gardiens-immeuble","title":{"rendered":"C\u00f4te d\u2019Azur Habitat recrute des gardiens pour ses logements sociaux\u00a0"},"content":{"rendered":"\n\n<div class=\"kk-star-ratings kksr-auto kksr-align-left kksr-valign-top\"\n    data-payload='{&quot;align&quot;:&quot;left&quot;,&quot;id&quot;:&quot;6384&quot;,&quot;slug&quot;:&quot;default&quot;,&quot;valign&quot;:&quot;top&quot;,&quot;ignore&quot;:&quot;&quot;,&quot;reference&quot;:&quot;auto&quot;,&quot;class&quot;:&quot;&quot;,&quot;count&quot;:&quot;1&quot;,&quot;legendonly&quot;:&quot;&quot;,&quot;readonly&quot;:&quot;&quot;,&quot;score&quot;:&quot;4&quot;,&quot;starsonly&quot;:&quot;&quot;,&quot;best&quot;:&quot;5&quot;,&quot;gap&quot;:&quot;5&quot;,&quot;greet&quot;:&quot;&quot;,&quot;legend&quot;:&quot;4\\\/5 - (1 vote)&quot;,&quot;size&quot;:&quot;24&quot;,&quot;title&quot;:&quot;C\u00f4te d\u2019Azur Habitat recrute des gardiens pour ses logements sociaux\u00a0&quot;,&quot;width&quot;:&quot;113.5&quot;,&quot;_legend&quot;:&quot;{score}\\\/{best} - ({count} {votes})&quot;,&quot;font_factor&quot;:&quot;1.25&quot;}'>\n            \n<div class=\"kksr-stars\">\n    \n<div class=\"kksr-stars-inactive\">\n            <div class=\"kksr-star\" data-star=\"1\" style=\"padding-right: 5px\">\n            \n\n<div class=\"kksr-icon\" style=\"width: 24px; height: 24px;\"><\/div>\n        <\/div>\n            <div class=\"kksr-star\" data-star=\"2\" style=\"padding-right: 5px\">\n            \n\n<div class=\"kksr-icon\" style=\"width: 24px; height: 24px;\"><\/div>\n        <\/div>\n            <div class=\"kksr-star\" data-star=\"3\" style=\"padding-right: 5px\">\n            \n\n<div class=\"kksr-icon\" style=\"width: 24px; height: 24px;\"><\/div>\n        <\/div>\n            <div class=\"kksr-star\" data-star=\"4\" style=\"padding-right: 5px\">\n            \n\n<div class=\"kksr-icon\" style=\"width: 24px; height: 24px;\"><\/div>\n        <\/div>\n            <div class=\"kksr-star\" data-star=\"5\" style=\"padding-right: 5px\">\n            \n\n<div class=\"kksr-icon\" style=\"width: 24px; height: 24px;\"><\/div>\n        <\/div>\n    <\/div>\n    \n<div class=\"kksr-stars-active\" style=\"width: 113.5px;\">\n            <div class=\"kksr-star\" style=\"padding-right: 5px\">\n            \n\n<div class=\"kksr-icon\" style=\"width: 24px; height: 24px;\"><\/div>\n        <\/div>\n            <div class=\"kksr-star\" style=\"padding-right: 5px\">\n            \n\n<div class=\"kksr-icon\" style=\"width: 24px; height: 24px;\"><\/div>\n        <\/div>\n            <div class=\"kksr-star\" style=\"padding-right: 5px\">\n            \n\n<div class=\"kksr-icon\" style=\"width: 24px; height: 24px;\"><\/div>\n        <\/div>\n            <div class=\"kksr-star\" style=\"padding-right: 5px\">\n            \n\n<div class=\"kksr-icon\" style=\"width: 24px; height: 24px;\"><\/div>\n        <\/div>\n            <div class=\"kksr-star\" style=\"padding-right: 5px\">\n            \n\n<div class=\"kksr-icon\" style=\"width: 24px; height: 24px;\"><\/div>\n        <\/div>\n    <\/div>\n<\/div>\n                \n\n<div class=\"kksr-legend\" style=\"font-size: 19.2px;\">\n            4\/5 - (1 vote)    <\/div>\n    <\/div>\n<p class=\"wp-block-paragraph\">Premier bailleur social des Alpes-Maritimes, C\u00f4te d\u2019Azur Habitat souhaite recruter <strong>une vingtaine de nouveaux gardiens d\u2019immeuble<\/strong> pour am\u00e9liorer le cadre de vie de ses locataires. Plusieurs postes sont encore \u00e0 pourvoir sur la M\u00e9tropole Nice C\u00f4te d\u2019Azur.<\/p><!--more--><div id=\"ez-toc-container\" class=\"ez-toc-v2_0_74 counter-hierarchy ez-toc-counter ez-toc-grey ez-toc-container-direction\">\n<div class=\"ez-toc-title-container\">\n<p class=\"ez-toc-title\" style=\"cursor:inherit\">Table des mati\u00e8res<\/p>\n<span class=\"ez-toc-title-toggle\"><\/span><\/div>\n<nav><ul class='ez-toc-list ez-toc-list-level-1 ' ><li class='ez-toc-page-1 ez-toc-heading-level-2'><a class=\"ez-toc-link ez-toc-heading-1\" href=\"https:\/\/www.monbailleur.fr\/offres-emploi\/actu\/cote-d-azur-habitat-recrute-gardiens-immeuble\/#travailler-dans-le-logement-social-chez-le-premier-bailleur-des-alpes-maritimes\" >Travailler dans le logement social, chez le premier bailleur des Alpes-Maritimes<\/a><\/li><li class='ez-toc-page-1 ez-toc-heading-level-2'><a class=\"ez-toc-link ez-toc-heading-2\" href=\"https:\/\/www.monbailleur.fr\/offres-emploi\/actu\/cote-d-azur-habitat-recrute-gardiens-immeuble\/#gardien-dimmeuble-un-metier-de-proximite-et-dechange\" >Gardien d\u2019immeuble, un m\u00e9tier de proximit\u00e9 et d\u2019\u00e9change&nbsp;<\/a><\/li><li class='ez-toc-page-1 ez-toc-heading-level-2'><a class=\"ez-toc-link ez-toc-heading-3\" href=\"https:\/\/www.monbailleur.fr\/offres-emploi\/actu\/cote-d-azur-habitat-recrute-gardiens-immeuble\/#encore-des-postes-de-gardien-a-pourvoir-chez-cote-dazur-habitat\" >Encore des postes de gardien \u00e0 pourvoir chez C\u00f4te d\u2019Azur habitat<\/a><\/li><\/ul><\/nav><\/div>\n<h2 class=\"wp-block-heading\" id=\"h-travailler-dans-le-logement-social-chez-le-premier-bailleur-des-alpes-maritimes\"><span class=\"ez-toc-section\" id=\"travailler-dans-le-logement-social-chez-le-premier-bailleur-des-alpes-maritimes\"><\/span>Travailler dans le logement social, chez le premier bailleur des Alpes-Maritimes<span class=\"ez-toc-section-end\"><\/span><\/h2><p class=\"wp-block-paragraph\">Logeant 46 000 personnes dans plus de 20 000 logements et 90 communes, <strong>C\u00f4te d\u2019Azur Habitat<\/strong> est le plus grand bailleur social des Alpes-Maritimes (06). Il compte aujourd\u2019hui environ 430 employ\u00e9s, qui mettent leur \u00e9nergie et leur engagement au service de ses locataires.\u00a0<\/p><p class=\"wp-block-paragraph\">Pr\u00e9sent sur l\u2019ensemble du territoire azur\u00e9en, le bailleur social regroupe de nombreux m\u00e9tiers experts et profite de collaborateurs ambitieux. Et pour continuer \u00e0 d\u00e9velopper l\u2019offre locative dans le d\u00e9partement et \u00e0 am\u00e9liorer la qualit\u00e9 de vie de ses locataires, C\u00f4te d\u2019Azur Habitat recrute r\u00e9guli\u00e8rement de nouveaux employ\u00e9s, aux profils vari\u00e9s.<\/p><div class=\"wp-block-image\"><figure class=\"aligncenter size-full\"><img decoding=\"async\" width=\"960\" height=\"379\" src=\"https:\/\/www.monbailleur.fr\/offres-emploi\/wp-content\/uploads\/2023\/07\/324667393_708464480634665_999645700619556063_n.jpeg\" alt=\"C\u00f4te d\u2019Azur Habitat, grand bailleur social dans les Alpes-Maritimes (06)\" class=\"wp-image-6385\" srcset=\"https:\/\/www.monbailleur.fr\/offres-emploi\/wp-content\/uploads\/2023\/07\/324667393_708464480634665_999645700619556063_n.jpeg 960w, https:\/\/www.monbailleur.fr\/offres-emploi\/wp-content\/uploads\/2023\/07\/324667393_708464480634665_999645700619556063_n-300x118.jpeg 300w, https:\/\/www.monbailleur.fr\/offres-emploi\/wp-content\/uploads\/2023\/07\/324667393_708464480634665_999645700619556063_n-768x303.jpeg 768w, https:\/\/www.monbailleur.fr\/offres-emploi\/wp-content\/uploads\/2023\/07\/324667393_708464480634665_999645700619556063_n-600x237.jpeg 600w\" sizes=\"(max-width: 960px) 100vw, 960px\" \/><figcaption class=\"wp-element-caption\">C\u00f4te d\u2019Azur Habitat<\/figcaption><\/figure><\/div><p class=\"wp-block-paragraph\">En plus de s\u2019int\u00e9grer \u00e0 une \u00e9quipe tr\u00e8s diversifi\u00e9e et riche d\u2019exp\u00e9riences, rejoindre les effectifs du bailleur social permet de profiter de <strong>plusieurs avantages<\/strong>. C\u00f4te d\u2019Azur Habitat propose notamment des titres restaurants, une mutuelle et une pr\u00e9voyance de groupe, un int\u00e9ressement, une prime individuelle annuelle et une prime de vacances.\u00a0<\/p><h2 class=\"wp-block-heading\"><span class=\"ez-toc-section\" id=\"gardien-dimmeuble-un-metier-de-proximite-et-dechange\"><\/span>Gardien d\u2019immeuble, un m\u00e9tier de proximit\u00e9 et d\u2019\u00e9change&nbsp;<span class=\"ez-toc-section-end\"><\/span><\/h2><p class=\"wp-block-paragraph\">En plus d\u2019accepter les candidatures spontan\u00e9es, le bailleur social publie r\u00e9guli\u00e8rement de nouvelles offres d\u2019emploi sur son <a href=\"https:\/\/www.cotedazurhabitat.fr\/offres-demploi\" target=\"_blank\" rel=\"noreferrer noopener\">site internet<\/a>. Parmi les postes propos\u00e9s actuellement, on retrouve celui de gardien d\u2019immeuble. Premier contact avec les locataires, ce professionnel de terrain exerce un m\u00e9tier aux nombreux aspects.<\/p><p class=\"wp-block-paragraph\">Le gardien r\u00e9pond aux demandes des locataires, et veille \u00e0 la propret\u00e9 et \u00e0 l\u2019hygi\u00e8ne des parties communes. En plus de d\u00e9velopper des relations de proximit\u00e9 avec les r\u00e9sidents de l\u2019immeuble, il fait le lien avec les \u00e9quipes du bailleur social. Il transmet les \u00e9ventuels dysfonctionnements aux services en charge, et s\u2019occupe de <strong>l\u2019entretien de la r\u00e9sidence<\/strong>. Il veille \u00e9galement \u00e0 la s\u00e9curit\u00e9 de l\u2019immeuble et de ses occupants.<\/p><p class=\"wp-block-paragraph\">M\u00e9tier essentiel dans le secteur du logement social, le gardien contribue \u00e0 am\u00e9liorer le cadre de vie des habitants et de l\u2019ensemble de la collectivit\u00e9. Pour renforcer ses effectifs, C\u00f4te d\u2019Azur Habitat vient de recruter 14 nouveaux employ\u00e9s au mois de juin. Et d\u2019autres postes de gardien sont encore \u00e0 pourvoir !<\/p><h2 class=\"wp-block-heading\"><span class=\"ez-toc-section\" id=\"encore-des-postes-de-gardien-a-pourvoir-chez-cote-dazur-habitat\"><\/span>Encore des postes de gardien \u00e0 pourvoir chez C\u00f4te d\u2019Azur habitat<span class=\"ez-toc-section-end\"><\/span><\/h2><p class=\"wp-block-paragraph\">Le bailleur social recherche encore des gardiens d\u2019immeuble pour ses logements sociaux. Il propose des postes \u00e0 Nice (non log\u00e9s), en CDI (avec un d\u00e9but de contrat imm\u00e9diat).&nbsp;<\/p><div class=\"wp-block-image\"><figure class=\"aligncenter size-full\"><img decoding=\"async\" width=\"510\" height=\"477\" src=\"https:\/\/www.monbailleur.fr\/offres-emploi\/wp-content\/uploads\/2023\/07\/Capture-decran-2023-07-07-a-11.01.14.png\" alt=\"C\u00f4te d\u2019Azur Habitat propose des postes de gardien\" class=\"wp-image-6386\" srcset=\"https:\/\/www.monbailleur.fr\/offres-emploi\/wp-content\/uploads\/2023\/07\/Capture-decran-2023-07-07-a-11.01.14.png 510w, https:\/\/www.monbailleur.fr\/offres-emploi\/wp-content\/uploads\/2023\/07\/Capture-decran-2023-07-07-a-11.01.14-300x281.png 300w\" sizes=\"(max-width: 510px) 100vw, 510px\" \/><figcaption class=\"wp-element-caption\">C\u00f4te d\u2019Azur Habitat &#8211; Offres d&#8217;emploi Gardien<\/figcaption><\/figure><\/div><p class=\"wp-block-paragraph\">En plus de d\u00e9velopper des <strong>liens de proximit\u00e9<\/strong> avec les habitants des immeubles, le gardien sert d\u2019interface entre les locataires et l\u2019agence. Il renseigne les locataires et fait remonter les demandes, et il intervient dans le suivi de l\u2019occupation des logements. Le gardien doit aussi assurer la propret\u00e9 et l\u2019hygi\u00e8ne des groupes d\u2019immeuble dont il a la charge, surveiller les installations et garantir le maintien de la s\u00e9curit\u00e9 du b\u00e2ti. Il peut \u00e9galement \u00eatre amen\u00e9 \u00e0 r\u00e9aliser des <strong>petits travaux<\/strong> d\u2019entretien courant (travaux de peinture, premi\u00e8res r\u00e9parations des \u00e9quipements d\u2019\u00e9lectricit\u00e9, petits travaux de serrurerie\u2026).<\/p><p class=\"wp-block-paragraph\">Pour postuler, le candidat doit avoir au moins <strong>5 ans d\u2019exp\u00e9rience<\/strong> professionnelle en tant que gardien d\u2019immeuble ou ouvrier professionnel dans le logement social. Il doit avoir une bonne ma\u00eetrise du langage \u00e9crit et oral, et aimer les relations humaines.\u00a0<\/p><p class=\"wp-block-paragraph\">Votre profil correspond ? Envoyez votre CV aux \u00e9quipes de recrutement du bailleur social : <a href=\"mailto:recrutement@cotedazurhabitat.fr\" target=\"_blank\" rel=\"noreferrer noopener\">recrutement@cotedazurhabitat.fr<\/a>. Et pour retrouver toutes les offres d\u2019emploi des bailleurs sociaux en France, rendez-vous sur la section <a href=\"https:\/\/www.monbailleur.fr\/offres-emploi\/\" target=\"_blank\" rel=\"noreferrer noopener\">Offres d\u2019Emploi<\/a> du site Monbailleur !<\/p>","protected":false},"excerpt":{"rendered":"<p>Premier bailleur social des Alpes-Maritimes, C\u00f4te d\u2019Azur Habitat souhaite recruter une vingtaine de nouveaux gardiens d\u2019immeuble pour am\u00e9liorer le cadre de vie de ses locataires. Plusieurs postes sont encore \u00e0 pourvoir sur la M\u00e9tropole Nice C\u00f4te d\u2019Azur.<\/p>\n","protected":false},"author":5,"featured_media":6387,"comment_status":"open","ping_status":"open","sticky":false,"template":"","format":"standard","meta":{"footnotes":""},"categories":[75],"tags":[],"class_list":["post-6384","post","type-post","status-publish","format-standard","has-post-thumbnail","hentry","category-actu"],"yoast_head":"<!-- This site is optimized with the Yoast SEO Premium plugin v22.4 (Yoast SEO v25.1) - https:\/\/yoast.com\/wordpress\/plugins\/seo\/ -->\n<title>C\u00f4te d\u2019Azur Habitat recrute des gardiens d&#039;immeuble !<\/title>\n<meta name=\"description\" content=\"Premier bailleur social des Alpes-Maritimes, C\u00f4te d\u2019Azur Habitat souhaite recruter une vingtaine de nouveaux gardiens d\u2019immeuble.\" \/>\n<meta name=\"robots\" content=\"index, follow, max-snippet:-1, max-image-preview:large, max-video-preview:-1\" \/>\n<link rel=\"canonical\" href=\"https:\/\/www.monbailleur.fr\/offres-emploi\/actu\/cote-d-azur-habitat-recrute-gardiens-immeuble\" \/>\n<meta property=\"og:locale\" content=\"fr_FR\" \/>\n<meta property=\"og:type\" content=\"article\" \/>\n<meta property=\"og:title\" content=\"C\u00f4te d\u2019Azur Habitat recrute des gardiens pour ses logements sociaux\u00a0\" \/>\n<meta property=\"og:description\" content=\"Premier bailleur social des Alpes-Maritimes, C\u00f4te d\u2019Azur Habitat souhaite recruter une vingtaine de nouveaux gardiens d\u2019immeuble.\" \/>\n<meta property=\"og:url\" content=\"https:\/\/www.monbailleur.fr\/offres-emploi\/actu\/cote-d-azur-habitat-recrute-gardiens-immeuble\" \/>\n<meta property=\"og:site_name\" content=\"Monbailleur.fr - Emploi\" \/>\n<meta property=\"article:published_time\" content=\"2023-08-01T13:40:51+00:00\" \/>\n<meta property=\"article:modified_time\" content=\"2023-08-01T13:40:54+00:00\" \/>\n<meta property=\"og:image\" content=\"https:\/\/www.monbailleur.fr\/offres-emploi\/wp-content\/uploads\/2023\/07\/icon_top.png\" \/>\n\t<meta property=\"og:image:width\" content=\"140\" \/>\n\t<meta property=\"og:image:height\" content=\"84\" \/>\n\t<meta property=\"og:image:type\" content=\"image\/png\" \/>\n<meta name=\"author\" content=\"Anna De Gouyon Matignon\" \/>\n<meta name=\"twitter:card\" content=\"summary_large_image\" \/>\n<meta name=\"twitter:label1\" content=\"\u00c9crit par\" \/>\n\t<meta name=\"twitter:data1\" content=\"Anna De Gouyon Matignon\" \/>\n\t<meta name=\"twitter:label2\" content=\"Dur\u00e9e de lecture estim\u00e9e\" \/>\n\t<meta name=\"twitter:data2\" content=\"4 minutes\" \/>\n<script type=\"application\/ld+json\" class=\"yoast-schema-graph\">{\"@context\":\"https:\/\/schema.org\",\"@graph\":[{\"@type\":\"Article\",\"@id\":\"https:\/\/www.monbailleur.fr\/offres-emploi\/actu\/cote-d-azur-habitat-recrute-gardiens-immeuble#article\",\"isPartOf\":{\"@id\":\"https:\/\/www.monbailleur.fr\/offres-emploi\/actu\/cote-d-azur-habitat-recrute-gardiens-immeuble\"},\"author\":{\"name\":\"Anna De Gouyon Matignon\",\"@id\":\"https:\/\/www.monbailleur.fr\/offres-emploi\/#\/schema\/person\/0490927abb4c2d7770e99d7d2e6f009b\"},\"headline\":\"C\u00f4te d\u2019Azur Habitat recrute des gardiens pour ses logements sociaux\u00a0\",\"datePublished\":\"2023-08-01T13:40:51+00:00\",\"dateModified\":\"2023-08-01T13:40:54+00:00\",\"mainEntityOfPage\":{\"@id\":\"https:\/\/www.monbailleur.fr\/offres-emploi\/actu\/cote-d-azur-habitat-recrute-gardiens-immeuble\"},\"wordCount\":672,\"commentCount\":0,\"publisher\":{\"@id\":\"https:\/\/www.monbailleur.fr\/offres-emploi\/#organization\"},\"image\":{\"@id\":\"https:\/\/www.monbailleur.fr\/offres-emploi\/actu\/cote-d-azur-habitat-recrute-gardiens-immeuble#primaryimage\"},\"thumbnailUrl\":\"https:\/\/www.monbailleur.fr\/offres-emploi\/wp-content\/uploads\/2023\/07\/icon_top.png\",\"articleSection\":[\"Actualit\u00e9s du recrutement\"],\"inLanguage\":\"fr-FR\",\"potentialAction\":[{\"@type\":\"CommentAction\",\"name\":\"Comment\",\"target\":[\"https:\/\/www.monbailleur.fr\/offres-emploi\/actu\/cote-d-azur-habitat-recrute-gardiens-immeuble#respond\"]}]},{\"@type\":\"WebPage\",\"@id\":\"https:\/\/www.monbailleur.fr\/offres-emploi\/actu\/cote-d-azur-habitat-recrute-gardiens-immeuble\",\"url\":\"https:\/\/www.monbailleur.fr\/offres-emploi\/actu\/cote-d-azur-habitat-recrute-gardiens-immeuble\",\"name\":\"C\u00f4te d\u2019Azur Habitat recrute des gardiens d'immeuble !\",\"isPartOf\":{\"@id\":\"https:\/\/www.monbailleur.fr\/offres-emploi\/#website\"},\"primaryImageOfPage\":{\"@id\":\"https:\/\/www.monbailleur.fr\/offres-emploi\/actu\/cote-d-azur-habitat-recrute-gardiens-immeuble#primaryimage\"},\"image\":{\"@id\":\"https:\/\/www.monbailleur.fr\/offres-emploi\/actu\/cote-d-azur-habitat-recrute-gardiens-immeuble#primaryimage\"},\"thumbnailUrl\":\"https:\/\/www.monbailleur.fr\/offres-emploi\/wp-content\/uploads\/2023\/07\/icon_top.png\",\"datePublished\":\"2023-08-01T13:40:51+00:00\",\"dateModified\":\"2023-08-01T13:40:54+00:00\",\"description\":\"Premier bailleur social des Alpes-Maritimes, C\u00f4te d\u2019Azur Habitat souhaite recruter une vingtaine de nouveaux gardiens d\u2019immeuble.\",\"breadcrumb\":{\"@id\":\"https:\/\/www.monbailleur.fr\/offres-emploi\/actu\/cote-d-azur-habitat-recrute-gardiens-immeuble#breadcrumb\"},\"inLanguage\":\"fr-FR\",\"potentialAction\":[{\"@type\":\"ReadAction\",\"target\":[\"https:\/\/www.monbailleur.fr\/offres-emploi\/actu\/cote-d-azur-habitat-recrute-gardiens-immeuble\"]}]},{\"@type\":\"ImageObject\",\"inLanguage\":\"fr-FR\",\"@id\":\"https:\/\/www.monbailleur.fr\/offres-emploi\/actu\/cote-d-azur-habitat-recrute-gardiens-immeuble#primaryimage\",\"url\":\"https:\/\/www.monbailleur.fr\/offres-emploi\/wp-content\/uploads\/2023\/07\/icon_top.png\",\"contentUrl\":\"https:\/\/www.monbailleur.fr\/offres-emploi\/wp-content\/uploads\/2023\/07\/icon_top.png\",\"width\":140,\"height\":84,\"caption\":\"C\u00f4te d\u2019Azur Habitat\"},{\"@type\":\"BreadcrumbList\",\"@id\":\"https:\/\/www.monbailleur.fr\/offres-emploi\/actu\/cote-d-azur-habitat-recrute-gardiens-immeuble#breadcrumb\",\"itemListElement\":[{\"@type\":\"ListItem\",\"position\":1,\"name\":\"Accueil\",\"item\":\"https:\/\/www.monbailleur.fr\/offres-emploi\/\"},{\"@type\":\"ListItem\",\"position\":2,\"name\":\"Actualit\u00e9s du recrutement\",\"item\":\"https:\/\/www.monbailleur.fr\/offres-emploi\/categorie\/actu\"},{\"@type\":\"ListItem\",\"position\":3,\"name\":\"C\u00f4te d\u2019Azur Habitat recrute des gardiens pour ses logements sociaux\u00a0\"}]},{\"@type\":\"WebSite\",\"@id\":\"https:\/\/www.monbailleur.fr\/offres-emploi\/#website\",\"url\":\"https:\/\/www.monbailleur.fr\/offres-emploi\/\",\"name\":\"Monbailleur.fr - Emploi\",\"description\":\"Les offres d&#039;emploi du logement social\",\"publisher\":{\"@id\":\"https:\/\/www.monbailleur.fr\/offres-emploi\/#organization\"},\"potentialAction\":[{\"@type\":\"SearchAction\",\"target\":{\"@type\":\"EntryPoint\",\"urlTemplate\":\"https:\/\/www.monbailleur.fr\/offres-emploi\/?s={search_term_string}\"},\"query-input\":{\"@type\":\"PropertyValueSpecification\",\"valueRequired\":true,\"valueName\":\"search_term_string\"}}],\"inLanguage\":\"fr-FR\"},{\"@type\":\"Organization\",\"@id\":\"https:\/\/www.monbailleur.fr\/offres-emploi\/#organization\",\"name\":\"Monbailleur.fr - Emploi\",\"url\":\"https:\/\/www.monbailleur.fr\/offres-emploi\/\",\"logo\":{\"@type\":\"ImageObject\",\"inLanguage\":\"fr-FR\",\"@id\":\"https:\/\/www.monbailleur.fr\/offres-emploi\/#\/schema\/logo\/image\/\",\"url\":\"https:\/\/www.monbailleur.fr\/offres-emploi\/wp-content\/uploads\/2023\/06\/MonBailleur-1200x675-1.png\",\"contentUrl\":\"https:\/\/www.monbailleur.fr\/offres-emploi\/wp-content\/uploads\/2023\/06\/MonBailleur-1200x675-1.png\",\"width\":1200,\"height\":675,\"caption\":\"Monbailleur.fr - Emploi\"},\"image\":{\"@id\":\"https:\/\/www.monbailleur.fr\/offres-emploi\/#\/schema\/logo\/image\/\"}},{\"@type\":\"Person\",\"@id\":\"https:\/\/www.monbailleur.fr\/offres-emploi\/#\/schema\/person\/0490927abb4c2d7770e99d7d2e6f009b\",\"name\":\"Anna De Gouyon Matignon\",\"image\":{\"@type\":\"ImageObject\",\"inLanguage\":\"fr-FR\",\"@id\":\"https:\/\/www.monbailleur.fr\/offres-emploi\/#\/schema\/person\/image\/\",\"url\":\"https:\/\/secure.gravatar.com\/avatar\/97a6594b963a1083033e0377d3282146932874af426cfbb94b136e67991a5638?s=96&d=mm&r=g\",\"contentUrl\":\"https:\/\/secure.gravatar.com\/avatar\/97a6594b963a1083033e0377d3282146932874af426cfbb94b136e67991a5638?s=96&d=mm&r=g\",\"caption\":\"Anna De Gouyon Matignon\"},\"url\":\"https:\/\/www.monbailleur.fr\/offres-emploi\/author\/annadegouyonmatignon\"}]}<\/script>\n<!-- \/ Yoast SEO Premium plugin. -->","yoast_head_json":{"title":"C\u00f4te d\u2019Azur Habitat recrute des gardiens d'immeuble !","description":"Premier bailleur social des Alpes-Maritimes, C\u00f4te d\u2019Azur Habitat souhaite recruter une vingtaine de nouveaux gardiens d\u2019immeuble.","robots":{"index":"index","follow":"follow","max-snippet":"max-snippet:-1","max-image-preview":"max-image-preview:large","max-video-preview":"max-video-preview:-1"},"canonical":"https:\/\/www.monbailleur.fr\/offres-emploi\/actu\/cote-d-azur-habitat-recrute-gardiens-immeuble","og_locale":"fr_FR","og_type":"article","og_title":"C\u00f4te d\u2019Azur Habitat recrute des gardiens pour ses logements sociaux\u00a0","og_description":"Premier bailleur social des Alpes-Maritimes, C\u00f4te d\u2019Azur Habitat souhaite recruter une vingtaine de nouveaux gardiens d\u2019immeuble.","og_url":"https:\/\/www.monbailleur.fr\/offres-emploi\/actu\/cote-d-azur-habitat-recrute-gardiens-immeuble","og_site_name":"Monbailleur.fr - Emploi","article_published_time":"2023-08-01T13:40:51+00:00","article_modified_time":"2023-08-01T13:40:54+00:00","og_image":[{"width":140,"height":84,"url":"https:\/\/www.monbailleur.fr\/offres-emploi\/wp-content\/uploads\/2023\/07\/icon_top.png","type":"image\/png"}],"author":"Anna De Gouyon Matignon","twitter_card":"summary_large_image","twitter_misc":{"\u00c9crit par":"Anna De Gouyon Matignon","Dur\u00e9e de lecture estim\u00e9e":"4 minutes"},"schema":{"@context":"https:\/\/schema.org","@graph":[{"@type":"Article","@id":"https:\/\/www.monbailleur.fr\/offres-emploi\/actu\/cote-d-azur-habitat-recrute-gardiens-immeuble#article","isPartOf":{"@id":"https:\/\/www.monbailleur.fr\/offres-emploi\/actu\/cote-d-azur-habitat-recrute-gardiens-immeuble"},"author":{"name":"Anna De Gouyon Matignon","@id":"https:\/\/www.monbailleur.fr\/offres-emploi\/#\/schema\/person\/0490927abb4c2d7770e99d7d2e6f009b"},"headline":"C\u00f4te d\u2019Azur Habitat recrute des gardiens pour ses logements sociaux\u00a0","datePublished":"2023-08-01T13:40:51+00:00","dateModified":"2023-08-01T13:40:54+00:00","mainEntityOfPage":{"@id":"https:\/\/www.monbailleur.fr\/offres-emploi\/actu\/cote-d-azur-habitat-recrute-gardiens-immeuble"},"wordCount":672,"commentCount":0,"publisher":{"@id":"https:\/\/www.monbailleur.fr\/offres-emploi\/#organization"},"image":{"@id":"https:\/\/www.monbailleur.fr\/offres-emploi\/actu\/cote-d-azur-habitat-recrute-gardiens-immeuble#primaryimage"},"thumbnailUrl":"https:\/\/www.monbailleur.fr\/offres-emploi\/wp-content\/uploads\/2023\/07\/icon_top.png","articleSection":["Actualit\u00e9s du recrutement"],"inLanguage":"fr-FR","potentialAction":[{"@type":"CommentAction","name":"Comment","target":["https:\/\/www.monbailleur.fr\/offres-emploi\/actu\/cote-d-azur-habitat-recrute-gardiens-immeuble#respond"]}]},{"@type":"WebPage","@id":"https:\/\/www.monbailleur.fr\/offres-emploi\/actu\/cote-d-azur-habitat-recrute-gardiens-immeuble","url":"https:\/\/www.monbailleur.fr\/offres-emploi\/actu\/cote-d-azur-habitat-recrute-gardiens-immeuble","name":"C\u00f4te d\u2019Azur Habitat recrute des gardiens d'immeuble !","isPartOf":{"@id":"https:\/\/www.monbailleur.fr\/offres-emploi\/#website"},"primaryImageOfPage":{"@id":"https:\/\/www.monbailleur.fr\/offres-emploi\/actu\/cote-d-azur-habitat-recrute-gardiens-immeuble#primaryimage"},"image":{"@id":"https:\/\/www.monbailleur.fr\/offres-emploi\/actu\/cote-d-azur-habitat-recrute-gardiens-immeuble#primaryimage"},"thumbnailUrl":"https:\/\/www.monbailleur.fr\/offres-emploi\/wp-content\/uploads\/2023\/07\/icon_top.png","datePublished":"2023-08-01T13:40:51+00:00","dateModified":"2023-08-01T13:40:54+00:00","description":"Premier bailleur social des Alpes-Maritimes, C\u00f4te d\u2019Azur Habitat souhaite recruter une vingtaine de nouveaux gardiens d\u2019immeuble.","breadcrumb":{"@id":"https:\/\/www.monbailleur.fr\/offres-emploi\/actu\/cote-d-azur-habitat-recrute-gardiens-immeuble#breadcrumb"},"inLanguage":"fr-FR","potentialAction":[{"@type":"ReadAction","target":["https:\/\/www.monbailleur.fr\/offres-emploi\/actu\/cote-d-azur-habitat-recrute-gardiens-immeuble"]}]},{"@type":"ImageObject","inLanguage":"fr-FR","@id":"https:\/\/www.monbailleur.fr\/offres-emploi\/actu\/cote-d-azur-habitat-recrute-gardiens-immeuble#primaryimage","url":"https:\/\/www.monbailleur.fr\/offres-emploi\/wp-content\/uploads\/2023\/07\/icon_top.png","contentUrl":"https:\/\/www.monbailleur.fr\/offres-emploi\/wp-content\/uploads\/2023\/07\/icon_top.png","width":140,"height":84,"caption":"C\u00f4te d\u2019Azur Habitat"},{"@type":"BreadcrumbList","@id":"https:\/\/www.monbailleur.fr\/offres-emploi\/actu\/cote-d-azur-habitat-recrute-gardiens-immeuble#breadcrumb","itemListElement":[{"@type":"ListItem","position":1,"name":"Accueil","item":"https:\/\/www.monbailleur.fr\/offres-emploi\/"},{"@type":"ListItem","position":2,"name":"Actualit\u00e9s du recrutement","item":"https:\/\/www.monbailleur.fr\/offres-emploi\/categorie\/actu"},{"@type":"ListItem","position":3,"name":"C\u00f4te d\u2019Azur Habitat recrute des gardiens pour ses logements sociaux\u00a0"}]},{"@type":"WebSite","@id":"https:\/\/www.monbailleur.fr\/offres-emploi\/#website","url":"https:\/\/www.monbailleur.fr\/offres-emploi\/","name":"Monbailleur.fr - Emploi","description":"Les offres d&#039;emploi du logement social","publisher":{"@id":"https:\/\/www.monbailleur.fr\/offres-emploi\/#organization"},"potentialAction":[{"@type":"SearchAction","target":{"@type":"EntryPoint","urlTemplate":"https:\/\/www.monbailleur.fr\/offres-emploi\/?s={search_term_string}"},"query-input":{"@type":"PropertyValueSpecification","valueRequired":true,"valueName":"search_term_string"}}],"inLanguage":"fr-FR"},{"@type":"Organization","@id":"https:\/\/www.monbailleur.fr\/offres-emploi\/#organization","name":"Monbailleur.fr - Emploi","url":"https:\/\/www.monbailleur.fr\/offres-emploi\/","logo":{"@type":"ImageObject","inLanguage":"fr-FR","@id":"https:\/\/www.monbailleur.fr\/offres-emploi\/#\/schema\/logo\/image\/","url":"https:\/\/www.monbailleur.fr\/offres-emploi\/wp-content\/uploads\/2023\/06\/MonBailleur-1200x675-1.png","contentUrl":"https:\/\/www.monbailleur.fr\/offres-emploi\/wp-content\/uploads\/2023\/06\/MonBailleur-1200x675-1.png","width":1200,"height":675,"caption":"Monbailleur.fr - Emploi"},"image":{"@id":"https:\/\/www.monbailleur.fr\/offres-emploi\/#\/schema\/logo\/image\/"}},{"@type":"Person","@id":"https:\/\/www.monbailleur.fr\/offres-emploi\/#\/schema\/person\/0490927abb4c2d7770e99d7d2e6f009b","name":"Anna De Gouyon Matignon","image":{"@type":"ImageObject","inLanguage":"fr-FR","@id":"https:\/\/www.monbailleur.fr\/offres-emploi\/#\/schema\/person\/image\/","url":"https:\/\/secure.gravatar.com\/avatar\/97a6594b963a1083033e0377d3282146932874af426cfbb94b136e67991a5638?s=96&d=mm&r=g","contentUrl":"https:\/\/secure.gravatar.com\/avatar\/97a6594b963a1083033e0377d3282146932874af426cfbb94b136e67991a5638?s=96&d=mm&r=g","caption":"Anna De Gouyon Matignon"},"url":"https:\/\/www.monbailleur.fr\/offres-emploi\/author\/annadegouyonmatignon"}]}},"jetpack_featured_media_url":"https:\/\/www.monbailleur.fr\/offres-emploi\/wp-content\/uploads\/2023\/07\/icon_top.png","_links":{"self":[{"href":"https:\/\/www.monbailleur.fr\/offres-emploi\/wp-json\/wp\/v2\/posts\/6384","targetHints":{"allow":["GET"]}}],"collection":[{"href":"https:\/\/www.monbailleur.fr\/offres-emploi\/wp-json\/wp\/v2\/posts"}],"about":[{"href":"https:\/\/www.monbailleur.fr\/offres-emploi\/wp-json\/wp\/v2\/types\/post"}],"author":[{"embeddable":true,"href":"https:\/\/www.monbailleur.fr\/offres-emploi\/wp-json\/wp\/v2\/users\/5"}],"replies":[{"embeddable":true,"href":"https:\/\/www.monbailleur.fr\/offres-emploi\/wp-json\/wp\/v2\/comments?post=6384"}],"version-history":[{"count":2,"href":"https:\/\/www.monbailleur.fr\/offres-emploi\/wp-json\/wp\/v2\/posts\/6384\/revisions"}],"predecessor-version":[{"id":7136,"href":"https:\/\/www.monbailleur.fr\/offres-emploi\/wp-json\/wp\/v2\/posts\/6384\/revisions\/7136"}],"wp:featuredmedia":[{"embeddable":true,"href":"https:\/\/www.monbailleur.fr\/offres-emploi\/wp-json\/wp\/v2\/media\/6387"}],"wp:attachment":[{"href":"https:\/\/www.monbailleur.fr\/offres-emploi\/wp-json\/wp\/v2\/media?parent=6384"}],"wp:term":[{"taxonomy":"category","embeddable":true,"href":"https:\/\/www.monbailleur.fr\/offres-emploi\/wp-json\/wp\/v2\/categories?post=6384"},{"taxonomy":"post_tag","embeddable":true,"href":"https:\/\/www.monbailleur.fr\/offres-emploi\/wp-json\/wp\/v2\/tags?post=6384"}],"curies":[{"name":"wp","href":"https:\/\/api.w.org\/{rel}","templated":true}]}}