{"id":6467,"date":"2023-07-28T15:49:43","date_gmt":"2023-07-28T13:49:43","guid":{"rendered":"https:\/\/www.monbailleur.fr\/offres-emploi\/?p=6467"},"modified":"2023-07-28T15:49:46","modified_gmt":"2023-07-28T13:49:46","slug":"paris-habitat-emploi-conseiller-social","status":"publish","type":"post","link":"https:\/\/www.monbailleur.fr\/offres-emploi\/actu\/paris-habitat-emploi-conseiller-social","title":{"rendered":"Conseiller social : plusieurs offres d\u2019emploi chez Paris Habitat"},"content":{"rendered":"\n\n<div class=\"kk-star-ratings kksr-auto kksr-align-left kksr-valign-top\"\n    data-payload='{&quot;align&quot;:&quot;left&quot;,&quot;id&quot;:&quot;6467&quot;,&quot;slug&quot;:&quot;default&quot;,&quot;valign&quot;:&quot;top&quot;,&quot;ignore&quot;:&quot;&quot;,&quot;reference&quot;:&quot;auto&quot;,&quot;class&quot;:&quot;&quot;,&quot;count&quot;:&quot;0&quot;,&quot;legendonly&quot;:&quot;&quot;,&quot;readonly&quot;:&quot;&quot;,&quot;score&quot;:&quot;0&quot;,&quot;starsonly&quot;:&quot;&quot;,&quot;best&quot;:&quot;5&quot;,&quot;gap&quot;:&quot;5&quot;,&quot;greet&quot;:&quot;&quot;,&quot;legend&quot;:&quot;0\\\/5 - (0 vote)&quot;,&quot;size&quot;:&quot;24&quot;,&quot;title&quot;:&quot;Conseiller social : plusieurs offres d\u2019emploi chez Paris Habitat&quot;,&quot;width&quot;:&quot;0&quot;,&quot;_legend&quot;:&quot;{score}\\\/{best} - ({count} {votes})&quot;,&quot;font_factor&quot;:&quot;1.25&quot;}'>\n            \n<div class=\"kksr-stars\">\n    \n<div class=\"kksr-stars-inactive\">\n            <div class=\"kksr-star\" data-star=\"1\" style=\"padding-right: 5px\">\n            \n\n<div class=\"kksr-icon\" style=\"width: 24px; height: 24px;\"><\/div>\n        <\/div>\n            <div class=\"kksr-star\" data-star=\"2\" style=\"padding-right: 5px\">\n            \n\n<div class=\"kksr-icon\" style=\"width: 24px; height: 24px;\"><\/div>\n        <\/div>\n            <div class=\"kksr-star\" data-star=\"3\" style=\"padding-right: 5px\">\n            \n\n<div class=\"kksr-icon\" style=\"width: 24px; height: 24px;\"><\/div>\n        <\/div>\n            <div class=\"kksr-star\" data-star=\"4\" style=\"padding-right: 5px\">\n            \n\n<div class=\"kksr-icon\" style=\"width: 24px; height: 24px;\"><\/div>\n        <\/div>\n            <div class=\"kksr-star\" data-star=\"5\" style=\"padding-right: 5px\">\n            \n\n<div class=\"kksr-icon\" style=\"width: 24px; height: 24px;\"><\/div>\n        <\/div>\n    <\/div>\n    \n<div class=\"kksr-stars-active\" style=\"width: 0px;\">\n            <div class=\"kksr-star\" style=\"padding-right: 5px\">\n            \n\n<div class=\"kksr-icon\" style=\"width: 24px; height: 24px;\"><\/div>\n        <\/div>\n            <div class=\"kksr-star\" style=\"padding-right: 5px\">\n            \n\n<div class=\"kksr-icon\" style=\"width: 24px; height: 24px;\"><\/div>\n        <\/div>\n            <div class=\"kksr-star\" style=\"padding-right: 5px\">\n            \n\n<div class=\"kksr-icon\" style=\"width: 24px; height: 24px;\"><\/div>\n        <\/div>\n            <div class=\"kksr-star\" style=\"padding-right: 5px\">\n            \n\n<div class=\"kksr-icon\" style=\"width: 24px; height: 24px;\"><\/div>\n        <\/div>\n            <div class=\"kksr-star\" style=\"padding-right: 5px\">\n            \n\n<div class=\"kksr-icon\" style=\"width: 24px; height: 24px;\"><\/div>\n        <\/div>\n    <\/div>\n<\/div>\n                \n\n<div class=\"kksr-legend\" style=\"font-size: 19.2px;\">\n            <span class=\"kksr-muted\"><\/span>\n    <\/div>\n    <\/div>\n<p class=\"wp-block-paragraph\">Vous \u00eates \u00e0 la <strong>recherche d\u2019un emploi<\/strong> qui fait sens, et souhaitez vous engager au quotidien aupr\u00e8s de personnes en difficult\u00e9 ? Bailleur social de r\u00e9f\u00e9rence, <strong>Paris Habitat<\/strong> propose actuellement plusieurs postes de <strong>conseiller social<\/strong> en r\u00e9gion parisienne.<\/p><!--more--><div id=\"ez-toc-container\" class=\"ez-toc-v2_0_74 counter-hierarchy ez-toc-counter ez-toc-grey ez-toc-container-direction\">\n<div class=\"ez-toc-title-container\">\n<p class=\"ez-toc-title\" style=\"cursor:inherit\">Table des mati\u00e8res<\/p>\n<span class=\"ez-toc-title-toggle\"><\/span><\/div>\n<nav><ul class='ez-toc-list ez-toc-list-level-1 ' ><li class='ez-toc-page-1 ez-toc-heading-level-2'><a class=\"ez-toc-link ez-toc-heading-1\" href=\"https:\/\/www.monbailleur.fr\/offres-emploi\/actu\/paris-habitat-emploi-conseiller-social\/#un-metier-de-proximite-avec-une-forte-dimension-humaine\" >Un m\u00e9tier de proximit\u00e9, avec une forte dimension humaine<\/a><\/li><li class='ez-toc-page-1 ez-toc-heading-level-2'><a class=\"ez-toc-link ez-toc-heading-2\" href=\"https:\/\/www.monbailleur.fr\/offres-emploi\/actu\/paris-habitat-emploi-conseiller-social\/#plusieurs-postes-a-pourvoir-en-region-parisienne\" >Plusieurs postes \u00e0 pourvoir en r\u00e9gion parisienne&nbsp;<\/a><\/li><li class='ez-toc-page-1 ez-toc-heading-level-2'><a class=\"ez-toc-link ez-toc-heading-3\" href=\"https:\/\/www.monbailleur.fr\/offres-emploi\/actu\/paris-habitat-emploi-conseiller-social\/#rejoindre-les-equipes-dun-grand-bailleur-social-pour-donner-du-sens-a-sa-carriere\" >Rejoindre les \u00e9quipes d\u2019un grand bailleur social, pour donner du sens \u00e0 sa carri\u00e8re<\/a><\/li><\/ul><\/nav><\/div>\n<h2 class=\"wp-block-heading\" id=\"h-un-metier-de-proximite-avec-une-forte-dimension-humaine\"><span class=\"ez-toc-section\" id=\"un-metier-de-proximite-avec-une-forte-dimension-humaine\"><\/span>Un m\u00e9tier de proximit\u00e9, avec une forte dimension humaine<span class=\"ez-toc-section-end\"><\/span><\/h2><p class=\"wp-block-paragraph\">Intervenant aupr\u00e8s des locataires en difficult\u00e9, le <a href=\"https:\/\/www.monbailleur.fr\/offres-emploi\/metiers\/cesf-conseiller-economie-sociale-familiale\">conseiller social<\/a> exerce ses fonctions au sein du p\u00f4le social d\u2019une direction territoriale. \u00c0 l\u2019\u00e9coute de tous les clients du bailleur, il les aide \u00e0 r\u00e9gler diff\u00e9rentes probl\u00e9matiques et \u00e0 trouver des solutions p\u00e9rennes. V\u00e9ritable chef d\u2019orchestre, il collabore avec tous les partenaires de Paris Habitat.<\/p><div class=\"wp-block-image\"><figure class=\"aligncenter size-large\"><img decoding=\"async\" width=\"1024\" height=\"488\" src=\"https:\/\/www.monbailleur.fr\/offres-emploi\/wp-content\/uploads\/2023\/07\/Capture-decran-2023-07-11-a-18.08.05-1024x488.png\" alt=\"Conseiller social, un m\u00e9tier de proximit\u00e9 humain et polyvalent\" class=\"wp-image-6468\" srcset=\"https:\/\/www.monbailleur.fr\/offres-emploi\/wp-content\/uploads\/2023\/07\/Capture-decran-2023-07-11-a-18.08.05-1024x488.png 1024w, https:\/\/www.monbailleur.fr\/offres-emploi\/wp-content\/uploads\/2023\/07\/Capture-decran-2023-07-11-a-18.08.05-300x143.png 300w, https:\/\/www.monbailleur.fr\/offres-emploi\/wp-content\/uploads\/2023\/07\/Capture-decran-2023-07-11-a-18.08.05-768x366.png 768w, https:\/\/www.monbailleur.fr\/offres-emploi\/wp-content\/uploads\/2023\/07\/Capture-decran-2023-07-11-a-18.08.05-600x286.png 600w, https:\/\/www.monbailleur.fr\/offres-emploi\/wp-content\/uploads\/2023\/07\/Capture-decran-2023-07-11-a-18.08.05.png 1306w\" sizes=\"(max-width: 1024px) 100vw, 1024px\" \/><figcaption class=\"wp-element-caption\">Conseiller social &#8211; Paris Habitat<\/figcaption><\/figure><\/div><p class=\"wp-block-paragraph\">Le conseiller social peut \u00eatre charg\u00e9 d\u2019assurer la gestion sociale des impay\u00e9s, d\u2019informer les locataires sur leurs droits et de mettre en place des protocoles de paiement. Il doit aussi d\u00e9velopper et partager la vision globale de l\u2019action de la <strong>mission sociale<\/strong> au sein de la direction territoriale (aupr\u00e8s des gardiens et des gestionnaires, notamment). C\u2019est aussi lui qui suit et \u00e9value les dispositifs d\u2019accompagnement social confi\u00e9s \u00e0 des associations partenaires.<\/p><h2 class=\"wp-block-heading\"><span class=\"ez-toc-section\" id=\"plusieurs-postes-a-pourvoir-en-region-parisienne\"><\/span>Plusieurs postes \u00e0 pourvoir en r\u00e9gion parisienne&nbsp;<span class=\"ez-toc-section-end\"><\/span><\/h2><p class=\"wp-block-paragraph\">Paris Habitat recrute actuellement des conseillers sociaux \u00e0 <a href=\"https:\/\/recrutement-parishabitat.gestmax.fr\/search#results\" target=\"_blank\" rel=\"noreferrer noopener\">Malakoff (92) et \u00e0 Villiers (94)<\/a>. Pour postuler, il faut \u00eatre titulaire d\u2019un Dipl\u00f4me d&rsquo;\u00c9tat de Conseiller en \u00c9conomie Sociale et Familiale (CESF), et justifier d\u2019une exp\u00e9rience dans le domaine de la gestion locative (3 ans d\u2019exp\u00e9rience pour le poste bas\u00e9 \u00e0 Malakoff). Le bailleur social propose \u00e9galement une <a href=\"https:\/\/www.monbailleur.fr\/offres-emploi\/actu\/bailleurs-sociaux-recrutement-alternance\">offre d\u2019emploi en alternance<\/a>. Elle est ouverte aux candidats qui pr\u00e9parent le DE CESF, et qui manifestent un int\u00e9r\u00eat pour le logement social.\u00a0<\/p><p class=\"wp-block-paragraph\">Le <strong>processus de recrutement<\/strong> se d\u00e9roule en 4 \u00e9tapes. Une fois votre candidature d\u00e9pos\u00e9e sur le site du bailleur, l\u2019\u00e9quipe recrutement \u00e9tudie sa pertinence. Si votre profil correspond au profil recherch\u00e9, elle organise ensuite un entretien t\u00e9l\u00e9phonique (parfois via Teams). Si cet entretien se r\u00e9v\u00e8le positif, vous \u00eates convoqu\u00e9 \u00e0 un entretien en pr\u00e9sentiel avec les ressources humaines de Paris Habitat. Votre candidature est retenue ? Vous rencontrez ensuite les managers du poste que vous sollicitez. Le bailleur vous propose enfin un contrat, avant de pr\u00e9parer votre prise de poste.<\/p><h2 class=\"wp-block-heading\"><span class=\"ez-toc-section\" id=\"rejoindre-les-equipes-dun-grand-bailleur-social-pour-donner-du-sens-a-sa-carriere\"><\/span>Rejoindre les \u00e9quipes d\u2019un grand bailleur social, pour donner du sens \u00e0 sa carri\u00e8re<span class=\"ez-toc-section-end\"><\/span><\/h2><p class=\"wp-block-paragraph\">Lutter contre le mal logement, renforcer l\u2019\u00e9quilibre des territoires, faire vivre les quartiers\u2026 En plus de donner du sens \u00e0 sa carri\u00e8re, travailler pour <a href=\"https:\/\/www.parishabitat.fr\/\" target=\"_blank\" rel=\"noreferrer noopener\">Paris Habitat<\/a> permet de remplir des missions exigeantes et exaltantes ! Employeur responsable et bailleur social de r\u00e9f\u00e9rence, il profite de l\u2019engagement et de l\u2019expertise de pr\u00e8s de 2 800 collaborateurs. Le bailleur propose des opportunit\u00e9s d\u2019emploi dans de nombreux m\u00e9tiers, et dans tous les secteurs : la ma\u00eetrise d\u2019ouvrage, la gestion locative et technique, la gestion du patrimoine ou les fonctions supports\u2026&nbsp;<\/p><div class=\"wp-block-image\"><figure class=\"aligncenter size-full is-resized\"><img decoding=\"async\" src=\"https:\/\/www.monbailleur.fr\/offres-emploi\/wp-content\/uploads\/2023\/07\/logo@2x.png\" alt=\"logo du bailleur social Paris Habitat\" class=\"wp-image-6470\" width=\"366\" height=\"161\"\/><figcaption class=\"wp-element-caption\">Paris Habitat<\/figcaption><\/figure><\/div><p class=\"wp-block-paragraph\">Sant\u00e9 et qualit\u00e9 de vie au travail, <strong>bien-\u00eatre des collaborateurs<\/strong>, t\u00e9l\u00e9travail et mobilit\u00e9 professionnelle, formation et int\u00e9gration\u2026 Proche de ses locataires, cet acteur engag\u00e9 affiche \u00e9galement une politique RH ambitieuse. Attentif \u00e0 l\u2019\u00e9galit\u00e9 des chances et \u00e0 la non-discrimination, il est particuli\u00e8rement engag\u00e9 sur la question de l\u2019\u00e9galit\u00e9 professionnelle entre les femmes et les hommes (index femmes-hommes : 94\/100). Le bailleur accompagne tous ses collaborateurs d\u00e8s leur prise de poste, et tout au long de leur parcours professionnel. Sa politique de recrutement favorise aussi la diversit\u00e9 et la jeunesse, avec de nombreuses offres d\u2019emploi en stage ou en alternance.<\/p><p class=\"wp-block-paragraph\">Aujourd\u2019hui, 89 % des collaborateurs sont fiers de travailler chez Paris Habitat. Alors pourquoi ne pas <strong>rejoindre les \u00e9quipes<\/strong> de ce bailleur social engag\u00e9 ?<\/p>","protected":false},"excerpt":{"rendered":"<p>Vous \u00eates \u00e0 la recherche d\u2019un emploi qui fait sens, et souhaitez vous engager au quotidien aupr\u00e8s de personnes en difficult\u00e9 ? Bailleur social de r\u00e9f\u00e9rence, Paris Habitat propose actuellement plusieurs postes de conseiller social en r\u00e9gion parisienne.<\/p>\n","protected":false},"author":5,"featured_media":6469,"comment_status":"open","ping_status":"open","sticky":false,"template":"","format":"standard","meta":{"footnotes":""},"categories":[75],"tags":[],"class_list":["post-6467","post","type-post","status-publish","format-standard","has-post-thumbnail","hentry","category-actu"],"yoast_head":"<!-- This site is optimized with the Yoast SEO Premium plugin v22.4 (Yoast SEO v25.1) - https:\/\/yoast.com\/wordpress\/plugins\/seo\/ -->\n<title>Conseiller social : plusieurs offres d\u2019emploi chez Paris Habitat<\/title>\n<meta name=\"description\" content=\"Bailleur social de r\u00e9f\u00e9rence, Paris Habitat propose actuellement plusieurs postes de conseiller social en r\u00e9gion parisienne.\" \/>\n<meta name=\"robots\" content=\"index, follow, max-snippet:-1, max-image-preview:large, max-video-preview:-1\" \/>\n<link rel=\"canonical\" href=\"https:\/\/www.monbailleur.fr\/offres-emploi\/actu\/paris-habitat-emploi-conseiller-social\" \/>\n<meta property=\"og:locale\" content=\"fr_FR\" \/>\n<meta property=\"og:type\" content=\"article\" \/>\n<meta property=\"og:title\" content=\"Conseiller social : plusieurs offres d\u2019emploi chez Paris Habitat\" \/>\n<meta property=\"og:description\" content=\"Bailleur social de r\u00e9f\u00e9rence, Paris Habitat propose actuellement plusieurs postes de conseiller social en r\u00e9gion parisienne.\" \/>\n<meta property=\"og:url\" content=\"https:\/\/www.monbailleur.fr\/offres-emploi\/actu\/paris-habitat-emploi-conseiller-social\" \/>\n<meta property=\"og:site_name\" content=\"Monbailleur.fr - Emploi\" \/>\n<meta property=\"article:published_time\" content=\"2023-07-28T13:49:43+00:00\" \/>\n<meta property=\"article:modified_time\" content=\"2023-07-28T13:49:46+00:00\" \/>\n<meta property=\"og:image\" content=\"https:\/\/www.monbailleur.fr\/offres-emploi\/wp-content\/uploads\/2023\/07\/Capture-decran-2023-07-11-a-18.08.53.png\" \/>\n\t<meta property=\"og:image:width\" content=\"1398\" \/>\n\t<meta property=\"og:image:height\" content=\"580\" \/>\n\t<meta property=\"og:image:type\" content=\"image\/png\" \/>\n<meta name=\"author\" content=\"Anna De Gouyon Matignon\" \/>\n<meta name=\"twitter:card\" content=\"summary_large_image\" \/>\n<meta name=\"twitter:label1\" content=\"\u00c9crit par\" \/>\n\t<meta name=\"twitter:data1\" content=\"Anna De Gouyon Matignon\" \/>\n\t<meta name=\"twitter:label2\" content=\"Dur\u00e9e de lecture estim\u00e9e\" \/>\n\t<meta name=\"twitter:data2\" content=\"4 minutes\" \/>\n<script type=\"application\/ld+json\" class=\"yoast-schema-graph\">{\"@context\":\"https:\/\/schema.org\",\"@graph\":[{\"@type\":\"Article\",\"@id\":\"https:\/\/www.monbailleur.fr\/offres-emploi\/actu\/paris-habitat-emploi-conseiller-social#article\",\"isPartOf\":{\"@id\":\"https:\/\/www.monbailleur.fr\/offres-emploi\/actu\/paris-habitat-emploi-conseiller-social\"},\"author\":{\"name\":\"Anna De Gouyon Matignon\",\"@id\":\"https:\/\/www.monbailleur.fr\/offres-emploi\/#\/schema\/person\/0490927abb4c2d7770e99d7d2e6f009b\"},\"headline\":\"Conseiller social : plusieurs offres d\u2019emploi chez Paris Habitat\",\"datePublished\":\"2023-07-28T13:49:43+00:00\",\"dateModified\":\"2023-07-28T13:49:46+00:00\",\"mainEntityOfPage\":{\"@id\":\"https:\/\/www.monbailleur.fr\/offres-emploi\/actu\/paris-habitat-emploi-conseiller-social\"},\"wordCount\":633,\"commentCount\":0,\"publisher\":{\"@id\":\"https:\/\/www.monbailleur.fr\/offres-emploi\/#organization\"},\"image\":{\"@id\":\"https:\/\/www.monbailleur.fr\/offres-emploi\/actu\/paris-habitat-emploi-conseiller-social#primaryimage\"},\"thumbnailUrl\":\"https:\/\/www.monbailleur.fr\/offres-emploi\/wp-content\/uploads\/2023\/07\/Capture-decran-2023-07-11-a-18.08.53.png\",\"articleSection\":[\"Actualit\u00e9s du recrutement\"],\"inLanguage\":\"fr-FR\",\"potentialAction\":[{\"@type\":\"CommentAction\",\"name\":\"Comment\",\"target\":[\"https:\/\/www.monbailleur.fr\/offres-emploi\/actu\/paris-habitat-emploi-conseiller-social#respond\"]}]},{\"@type\":\"WebPage\",\"@id\":\"https:\/\/www.monbailleur.fr\/offres-emploi\/actu\/paris-habitat-emploi-conseiller-social\",\"url\":\"https:\/\/www.monbailleur.fr\/offres-emploi\/actu\/paris-habitat-emploi-conseiller-social\",\"name\":\"Conseiller social : plusieurs offres d\u2019emploi chez Paris Habitat\",\"isPartOf\":{\"@id\":\"https:\/\/www.monbailleur.fr\/offres-emploi\/#website\"},\"primaryImageOfPage\":{\"@id\":\"https:\/\/www.monbailleur.fr\/offres-emploi\/actu\/paris-habitat-emploi-conseiller-social#primaryimage\"},\"image\":{\"@id\":\"https:\/\/www.monbailleur.fr\/offres-emploi\/actu\/paris-habitat-emploi-conseiller-social#primaryimage\"},\"thumbnailUrl\":\"https:\/\/www.monbailleur.fr\/offres-emploi\/wp-content\/uploads\/2023\/07\/Capture-decran-2023-07-11-a-18.08.53.png\",\"datePublished\":\"2023-07-28T13:49:43+00:00\",\"dateModified\":\"2023-07-28T13:49:46+00:00\",\"description\":\"Bailleur social de r\u00e9f\u00e9rence, Paris Habitat propose actuellement plusieurs postes de conseiller social en r\u00e9gion parisienne.\",\"breadcrumb\":{\"@id\":\"https:\/\/www.monbailleur.fr\/offres-emploi\/actu\/paris-habitat-emploi-conseiller-social#breadcrumb\"},\"inLanguage\":\"fr-FR\",\"potentialAction\":[{\"@type\":\"ReadAction\",\"target\":[\"https:\/\/www.monbailleur.fr\/offres-emploi\/actu\/paris-habitat-emploi-conseiller-social\"]}]},{\"@type\":\"ImageObject\",\"inLanguage\":\"fr-FR\",\"@id\":\"https:\/\/www.monbailleur.fr\/offres-emploi\/actu\/paris-habitat-emploi-conseiller-social#primaryimage\",\"url\":\"https:\/\/www.monbailleur.fr\/offres-emploi\/wp-content\/uploads\/2023\/07\/Capture-decran-2023-07-11-a-18.08.53.png\",\"contentUrl\":\"https:\/\/www.monbailleur.fr\/offres-emploi\/wp-content\/uploads\/2023\/07\/Capture-decran-2023-07-11-a-18.08.53.png\",\"width\":1398,\"height\":580,\"caption\":\"Rejoindre les \u00e9quipes de Paris Habitat\"},{\"@type\":\"BreadcrumbList\",\"@id\":\"https:\/\/www.monbailleur.fr\/offres-emploi\/actu\/paris-habitat-emploi-conseiller-social#breadcrumb\",\"itemListElement\":[{\"@type\":\"ListItem\",\"position\":1,\"name\":\"Accueil\",\"item\":\"https:\/\/www.monbailleur.fr\/offres-emploi\/\"},{\"@type\":\"ListItem\",\"position\":2,\"name\":\"Actualit\u00e9s du recrutement\",\"item\":\"https:\/\/www.monbailleur.fr\/offres-emploi\/categorie\/actu\"},{\"@type\":\"ListItem\",\"position\":3,\"name\":\"Conseiller social : plusieurs offres d\u2019emploi chez Paris Habitat\"}]},{\"@type\":\"WebSite\",\"@id\":\"https:\/\/www.monbailleur.fr\/offres-emploi\/#website\",\"url\":\"https:\/\/www.monbailleur.fr\/offres-emploi\/\",\"name\":\"Monbailleur.fr - Emploi\",\"description\":\"Les offres d&#039;emploi du logement social\",\"publisher\":{\"@id\":\"https:\/\/www.monbailleur.fr\/offres-emploi\/#organization\"},\"potentialAction\":[{\"@type\":\"SearchAction\",\"target\":{\"@type\":\"EntryPoint\",\"urlTemplate\":\"https:\/\/www.monbailleur.fr\/offres-emploi\/?s={search_term_string}\"},\"query-input\":{\"@type\":\"PropertyValueSpecification\",\"valueRequired\":true,\"valueName\":\"search_term_string\"}}],\"inLanguage\":\"fr-FR\"},{\"@type\":\"Organization\",\"@id\":\"https:\/\/www.monbailleur.fr\/offres-emploi\/#organization\",\"name\":\"Monbailleur.fr - Emploi\",\"url\":\"https:\/\/www.monbailleur.fr\/offres-emploi\/\",\"logo\":{\"@type\":\"ImageObject\",\"inLanguage\":\"fr-FR\",\"@id\":\"https:\/\/www.monbailleur.fr\/offres-emploi\/#\/schema\/logo\/image\/\",\"url\":\"https:\/\/www.monbailleur.fr\/offres-emploi\/wp-content\/uploads\/2023\/06\/MonBailleur-1200x675-1.png\",\"contentUrl\":\"https:\/\/www.monbailleur.fr\/offres-emploi\/wp-content\/uploads\/2023\/06\/MonBailleur-1200x675-1.png\",\"width\":1200,\"height\":675,\"caption\":\"Monbailleur.fr - Emploi\"},\"image\":{\"@id\":\"https:\/\/www.monbailleur.fr\/offres-emploi\/#\/schema\/logo\/image\/\"}},{\"@type\":\"Person\",\"@id\":\"https:\/\/www.monbailleur.fr\/offres-emploi\/#\/schema\/person\/0490927abb4c2d7770e99d7d2e6f009b\",\"name\":\"Anna De Gouyon Matignon\",\"image\":{\"@type\":\"ImageObject\",\"inLanguage\":\"fr-FR\",\"@id\":\"https:\/\/www.monbailleur.fr\/offres-emploi\/#\/schema\/person\/image\/\",\"url\":\"https:\/\/secure.gravatar.com\/avatar\/97a6594b963a1083033e0377d3282146932874af426cfbb94b136e67991a5638?s=96&d=mm&r=g\",\"contentUrl\":\"https:\/\/secure.gravatar.com\/avatar\/97a6594b963a1083033e0377d3282146932874af426cfbb94b136e67991a5638?s=96&d=mm&r=g\",\"caption\":\"Anna De Gouyon Matignon\"},\"url\":\"https:\/\/www.monbailleur.fr\/offres-emploi\/author\/annadegouyonmatignon\"}]}<\/script>\n<!-- \/ Yoast SEO Premium plugin. -->","yoast_head_json":{"title":"Conseiller social : plusieurs offres d\u2019emploi chez Paris Habitat","description":"Bailleur social de r\u00e9f\u00e9rence, Paris Habitat propose actuellement plusieurs postes de conseiller social en r\u00e9gion parisienne.","robots":{"index":"index","follow":"follow","max-snippet":"max-snippet:-1","max-image-preview":"max-image-preview:large","max-video-preview":"max-video-preview:-1"},"canonical":"https:\/\/www.monbailleur.fr\/offres-emploi\/actu\/paris-habitat-emploi-conseiller-social","og_locale":"fr_FR","og_type":"article","og_title":"Conseiller social : plusieurs offres d\u2019emploi chez Paris Habitat","og_description":"Bailleur social de r\u00e9f\u00e9rence, Paris Habitat propose actuellement plusieurs postes de conseiller social en r\u00e9gion parisienne.","og_url":"https:\/\/www.monbailleur.fr\/offres-emploi\/actu\/paris-habitat-emploi-conseiller-social","og_site_name":"Monbailleur.fr - Emploi","article_published_time":"2023-07-28T13:49:43+00:00","article_modified_time":"2023-07-28T13:49:46+00:00","og_image":[{"width":1398,"height":580,"url":"https:\/\/www.monbailleur.fr\/offres-emploi\/wp-content\/uploads\/2023\/07\/Capture-decran-2023-07-11-a-18.08.53.png","type":"image\/png"}],"author":"Anna De Gouyon Matignon","twitter_card":"summary_large_image","twitter_misc":{"\u00c9crit par":"Anna De Gouyon Matignon","Dur\u00e9e de lecture estim\u00e9e":"4 minutes"},"schema":{"@context":"https:\/\/schema.org","@graph":[{"@type":"Article","@id":"https:\/\/www.monbailleur.fr\/offres-emploi\/actu\/paris-habitat-emploi-conseiller-social#article","isPartOf":{"@id":"https:\/\/www.monbailleur.fr\/offres-emploi\/actu\/paris-habitat-emploi-conseiller-social"},"author":{"name":"Anna De Gouyon Matignon","@id":"https:\/\/www.monbailleur.fr\/offres-emploi\/#\/schema\/person\/0490927abb4c2d7770e99d7d2e6f009b"},"headline":"Conseiller social : plusieurs offres d\u2019emploi chez Paris Habitat","datePublished":"2023-07-28T13:49:43+00:00","dateModified":"2023-07-28T13:49:46+00:00","mainEntityOfPage":{"@id":"https:\/\/www.monbailleur.fr\/offres-emploi\/actu\/paris-habitat-emploi-conseiller-social"},"wordCount":633,"commentCount":0,"publisher":{"@id":"https:\/\/www.monbailleur.fr\/offres-emploi\/#organization"},"image":{"@id":"https:\/\/www.monbailleur.fr\/offres-emploi\/actu\/paris-habitat-emploi-conseiller-social#primaryimage"},"thumbnailUrl":"https:\/\/www.monbailleur.fr\/offres-emploi\/wp-content\/uploads\/2023\/07\/Capture-decran-2023-07-11-a-18.08.53.png","articleSection":["Actualit\u00e9s du recrutement"],"inLanguage":"fr-FR","potentialAction":[{"@type":"CommentAction","name":"Comment","target":["https:\/\/www.monbailleur.fr\/offres-emploi\/actu\/paris-habitat-emploi-conseiller-social#respond"]}]},{"@type":"WebPage","@id":"https:\/\/www.monbailleur.fr\/offres-emploi\/actu\/paris-habitat-emploi-conseiller-social","url":"https:\/\/www.monbailleur.fr\/offres-emploi\/actu\/paris-habitat-emploi-conseiller-social","name":"Conseiller social : plusieurs offres d\u2019emploi chez Paris Habitat","isPartOf":{"@id":"https:\/\/www.monbailleur.fr\/offres-emploi\/#website"},"primaryImageOfPage":{"@id":"https:\/\/www.monbailleur.fr\/offres-emploi\/actu\/paris-habitat-emploi-conseiller-social#primaryimage"},"image":{"@id":"https:\/\/www.monbailleur.fr\/offres-emploi\/actu\/paris-habitat-emploi-conseiller-social#primaryimage"},"thumbnailUrl":"https:\/\/www.monbailleur.fr\/offres-emploi\/wp-content\/uploads\/2023\/07\/Capture-decran-2023-07-11-a-18.08.53.png","datePublished":"2023-07-28T13:49:43+00:00","dateModified":"2023-07-28T13:49:46+00:00","description":"Bailleur social de r\u00e9f\u00e9rence, Paris Habitat propose actuellement plusieurs postes de conseiller social en r\u00e9gion parisienne.","breadcrumb":{"@id":"https:\/\/www.monbailleur.fr\/offres-emploi\/actu\/paris-habitat-emploi-conseiller-social#breadcrumb"},"inLanguage":"fr-FR","potentialAction":[{"@type":"ReadAction","target":["https:\/\/www.monbailleur.fr\/offres-emploi\/actu\/paris-habitat-emploi-conseiller-social"]}]},{"@type":"ImageObject","inLanguage":"fr-FR","@id":"https:\/\/www.monbailleur.fr\/offres-emploi\/actu\/paris-habitat-emploi-conseiller-social#primaryimage","url":"https:\/\/www.monbailleur.fr\/offres-emploi\/wp-content\/uploads\/2023\/07\/Capture-decran-2023-07-11-a-18.08.53.png","contentUrl":"https:\/\/www.monbailleur.fr\/offres-emploi\/wp-content\/uploads\/2023\/07\/Capture-decran-2023-07-11-a-18.08.53.png","width":1398,"height":580,"caption":"Rejoindre les \u00e9quipes de Paris Habitat"},{"@type":"BreadcrumbList","@id":"https:\/\/www.monbailleur.fr\/offres-emploi\/actu\/paris-habitat-emploi-conseiller-social#breadcrumb","itemListElement":[{"@type":"ListItem","position":1,"name":"Accueil","item":"https:\/\/www.monbailleur.fr\/offres-emploi\/"},{"@type":"ListItem","position":2,"name":"Actualit\u00e9s du recrutement","item":"https:\/\/www.monbailleur.fr\/offres-emploi\/categorie\/actu"},{"@type":"ListItem","position":3,"name":"Conseiller social : plusieurs offres d\u2019emploi chez Paris Habitat"}]},{"@type":"WebSite","@id":"https:\/\/www.monbailleur.fr\/offres-emploi\/#website","url":"https:\/\/www.monbailleur.fr\/offres-emploi\/","name":"Monbailleur.fr - Emploi","description":"Les offres d&#039;emploi du logement social","publisher":{"@id":"https:\/\/www.monbailleur.fr\/offres-emploi\/#organization"},"potentialAction":[{"@type":"SearchAction","target":{"@type":"EntryPoint","urlTemplate":"https:\/\/www.monbailleur.fr\/offres-emploi\/?s={search_term_string}"},"query-input":{"@type":"PropertyValueSpecification","valueRequired":true,"valueName":"search_term_string"}}],"inLanguage":"fr-FR"},{"@type":"Organization","@id":"https:\/\/www.monbailleur.fr\/offres-emploi\/#organization","name":"Monbailleur.fr - Emploi","url":"https:\/\/www.monbailleur.fr\/offres-emploi\/","logo":{"@type":"ImageObject","inLanguage":"fr-FR","@id":"https:\/\/www.monbailleur.fr\/offres-emploi\/#\/schema\/logo\/image\/","url":"https:\/\/www.monbailleur.fr\/offres-emploi\/wp-content\/uploads\/2023\/06\/MonBailleur-1200x675-1.png","contentUrl":"https:\/\/www.monbailleur.fr\/offres-emploi\/wp-content\/uploads\/2023\/06\/MonBailleur-1200x675-1.png","width":1200,"height":675,"caption":"Monbailleur.fr - Emploi"},"image":{"@id":"https:\/\/www.monbailleur.fr\/offres-emploi\/#\/schema\/logo\/image\/"}},{"@type":"Person","@id":"https:\/\/www.monbailleur.fr\/offres-emploi\/#\/schema\/person\/0490927abb4c2d7770e99d7d2e6f009b","name":"Anna De Gouyon Matignon","image":{"@type":"ImageObject","inLanguage":"fr-FR","@id":"https:\/\/www.monbailleur.fr\/offres-emploi\/#\/schema\/person\/image\/","url":"https:\/\/secure.gravatar.com\/avatar\/97a6594b963a1083033e0377d3282146932874af426cfbb94b136e67991a5638?s=96&d=mm&r=g","contentUrl":"https:\/\/secure.gravatar.com\/avatar\/97a6594b963a1083033e0377d3282146932874af426cfbb94b136e67991a5638?s=96&d=mm&r=g","caption":"Anna De Gouyon Matignon"},"url":"https:\/\/www.monbailleur.fr\/offres-emploi\/author\/annadegouyonmatignon"}]}},"jetpack_featured_media_url":"https:\/\/www.monbailleur.fr\/offres-emploi\/wp-content\/uploads\/2023\/07\/Capture-decran-2023-07-11-a-18.08.53.png","_links":{"self":[{"href":"https:\/\/www.monbailleur.fr\/offres-emploi\/wp-json\/wp\/v2\/posts\/6467","targetHints":{"allow":["GET"]}}],"collection":[{"href":"https:\/\/www.monbailleur.fr\/offres-emploi\/wp-json\/wp\/v2\/posts"}],"about":[{"href":"https:\/\/www.monbailleur.fr\/offres-emploi\/wp-json\/wp\/v2\/types\/post"}],"author":[{"embeddable":true,"href":"https:\/\/www.monbailleur.fr\/offres-emploi\/wp-json\/wp\/v2\/users\/5"}],"replies":[{"embeddable":true,"href":"https:\/\/www.monbailleur.fr\/offres-emploi\/wp-json\/wp\/v2\/comments?post=6467"}],"version-history":[{"count":2,"href":"https:\/\/www.monbailleur.fr\/offres-emploi\/wp-json\/wp\/v2\/posts\/6467\/revisions"}],"predecessor-version":[{"id":7057,"href":"https:\/\/www.monbailleur.fr\/offres-emploi\/wp-json\/wp\/v2\/posts\/6467\/revisions\/7057"}],"wp:featuredmedia":[{"embeddable":true,"href":"https:\/\/www.monbailleur.fr\/offres-emploi\/wp-json\/wp\/v2\/media\/6469"}],"wp:attachment":[{"href":"https:\/\/www.monbailleur.fr\/offres-emploi\/wp-json\/wp\/v2\/media?parent=6467"}],"wp:term":[{"taxonomy":"category","embeddable":true,"href":"https:\/\/www.monbailleur.fr\/offres-emploi\/wp-json\/wp\/v2\/categories?post=6467"},{"taxonomy":"post_tag","embeddable":true,"href":"https:\/\/www.monbailleur.fr\/offres-emploi\/wp-json\/wp\/v2\/tags?post=6467"}],"curies":[{"name":"wp","href":"https:\/\/api.w.org\/{rel}","templated":true}]}}