{"id":6529,"date":"2023-08-01T16:34:14","date_gmt":"2023-08-01T14:34:14","guid":{"rendered":"https:\/\/www.monbailleur.fr\/offres-emploi\/?p=6529"},"modified":"2023-08-01T16:34:17","modified_gmt":"2023-08-01T14:34:17","slug":"responsable-de-programme","status":"publish","type":"post","link":"https:\/\/www.monbailleur.fr\/offres-emploi\/metiers\/responsable-de-programme","title":{"rendered":"Responsable de programme : missions, comp\u00e9tences et formation"},"content":{"rendered":"\n\n<div class=\"kk-star-ratings kksr-auto kksr-align-left kksr-valign-top\"\n    data-payload='{&quot;align&quot;:&quot;left&quot;,&quot;id&quot;:&quot;6529&quot;,&quot;slug&quot;:&quot;default&quot;,&quot;valign&quot;:&quot;top&quot;,&quot;ignore&quot;:&quot;&quot;,&quot;reference&quot;:&quot;auto&quot;,&quot;class&quot;:&quot;&quot;,&quot;count&quot;:&quot;1&quot;,&quot;legendonly&quot;:&quot;&quot;,&quot;readonly&quot;:&quot;&quot;,&quot;score&quot;:&quot;4&quot;,&quot;starsonly&quot;:&quot;&quot;,&quot;best&quot;:&quot;5&quot;,&quot;gap&quot;:&quot;5&quot;,&quot;greet&quot;:&quot;&quot;,&quot;legend&quot;:&quot;4\\\/5 - (1 vote)&quot;,&quot;size&quot;:&quot;24&quot;,&quot;title&quot;:&quot;Responsable de programme : missions, comp\u00e9tences et formation&quot;,&quot;width&quot;:&quot;113.5&quot;,&quot;_legend&quot;:&quot;{score}\\\/{best} - ({count} {votes})&quot;,&quot;font_factor&quot;:&quot;1.25&quot;}'>\n            \n<div class=\"kksr-stars\">\n    \n<div class=\"kksr-stars-inactive\">\n            <div class=\"kksr-star\" data-star=\"1\" style=\"padding-right: 5px\">\n            \n\n<div class=\"kksr-icon\" style=\"width: 24px; height: 24px;\"><\/div>\n        <\/div>\n            <div class=\"kksr-star\" data-star=\"2\" style=\"padding-right: 5px\">\n            \n\n<div class=\"kksr-icon\" style=\"width: 24px; height: 24px;\"><\/div>\n        <\/div>\n            <div class=\"kksr-star\" data-star=\"3\" style=\"padding-right: 5px\">\n            \n\n<div class=\"kksr-icon\" style=\"width: 24px; height: 24px;\"><\/div>\n        <\/div>\n            <div class=\"kksr-star\" data-star=\"4\" style=\"padding-right: 5px\">\n            \n\n<div class=\"kksr-icon\" style=\"width: 24px; height: 24px;\"><\/div>\n        <\/div>\n            <div class=\"kksr-star\" data-star=\"5\" style=\"padding-right: 5px\">\n            \n\n<div class=\"kksr-icon\" style=\"width: 24px; height: 24px;\"><\/div>\n        <\/div>\n    <\/div>\n    \n<div class=\"kksr-stars-active\" style=\"width: 113.5px;\">\n            <div class=\"kksr-star\" style=\"padding-right: 5px\">\n            \n\n<div class=\"kksr-icon\" style=\"width: 24px; height: 24px;\"><\/div>\n        <\/div>\n            <div class=\"kksr-star\" style=\"padding-right: 5px\">\n            \n\n<div class=\"kksr-icon\" style=\"width: 24px; height: 24px;\"><\/div>\n        <\/div>\n            <div class=\"kksr-star\" style=\"padding-right: 5px\">\n            \n\n<div class=\"kksr-icon\" style=\"width: 24px; height: 24px;\"><\/div>\n        <\/div>\n            <div class=\"kksr-star\" style=\"padding-right: 5px\">\n            \n\n<div class=\"kksr-icon\" style=\"width: 24px; height: 24px;\"><\/div>\n        <\/div>\n            <div class=\"kksr-star\" style=\"padding-right: 5px\">\n            \n\n<div class=\"kksr-icon\" style=\"width: 24px; height: 24px;\"><\/div>\n        <\/div>\n    <\/div>\n<\/div>\n                \n\n<div class=\"kksr-legend\" style=\"font-size: 19.2px;\">\n            4\/5 - (1 vote)    <\/div>\n    <\/div>\n<p>Le responsable de programme occupe un poste strat\u00e9gique au sein de l\u2019entreprise. Conception et <strong>montage du projet immobilier<\/strong>, coordination des \u00e9quipes et suivi des travaux, r\u00e9ception du chantier et commercialisation de l\u2019op\u00e9ration\u2026 Cet expert du secteur immobilier intervient \u00e0 toutes les \u00e9tapes de l\u2019\u00e9laboration d\u2019un nouveau programme. Il exerce un m\u00e9tier exigeant et polyvalent, qui exige un certain nombre de comp\u00e9tences et de qualit\u00e9s.<\/p><p>Alors quelles sont les <strong>missions d\u2019un responsable de programme<\/strong> chez un bailleur social ? Quelles formations et \u00e9tudes suivre pour acc\u00e9der \u00e0 cette profession ? Et \u00e0 quels <strong>salaires et perspectives<\/strong> d\u2019\u00e9volution s\u2019attendre ?<\/p><!--more--><div id=\"ez-toc-container\" class=\"ez-toc-v2_0_74 counter-hierarchy ez-toc-counter ez-toc-grey ez-toc-container-direction\">\n<div class=\"ez-toc-title-container\">\n<p class=\"ez-toc-title\" style=\"cursor:inherit\">Table des mati\u00e8res<\/p>\n<span class=\"ez-toc-title-toggle\"><\/span><\/div>\n<nav><ul class='ez-toc-list ez-toc-list-level-1 ' ><li class='ez-toc-page-1 ez-toc-heading-level-2'><a class=\"ez-toc-link ez-toc-heading-1\" href=\"https:\/\/www.monbailleur.fr\/offres-emploi\/metiers\/responsable-de-programme\/#tout-savoir-sur-le-metier-de-responsable-de-programme\" >Tout savoir sur le m\u00e9tier de responsable de programme<\/a><ul class='ez-toc-list-level-3' ><li class='ez-toc-heading-level-3'><a class=\"ez-toc-link ez-toc-heading-2\" href=\"https:\/\/www.monbailleur.fr\/offres-emploi\/metiers\/responsable-de-programme\/#quelles-sont-les-principales-missions-de-cet-expert-de-limmobilier\" >Quelles sont les principales missions de cet expert de l\u2019immobilier ?<\/a><ul class='ez-toc-list-level-4' ><li class='ez-toc-heading-level-4'><a class=\"ez-toc-link ez-toc-heading-3\" href=\"https:\/\/www.monbailleur.fr\/offres-emploi\/metiers\/responsable-de-programme\/#elaborer-et-monter-le-projet\" >\u00c9laborer et monter le projet<\/a><\/li><li class='ez-toc-page-1 ez-toc-heading-level-4'><a class=\"ez-toc-link ez-toc-heading-4\" href=\"https:\/\/www.monbailleur.fr\/offres-emploi\/metiers\/responsable-de-programme\/#suivre-les-travaux-et-garantir-le-respect-du-programme\" >Suivre les travaux et garantir le respect du programme<\/a><\/li><li class='ez-toc-page-1 ez-toc-heading-level-4'><a class=\"ez-toc-link ez-toc-heading-5\" href=\"https:\/\/www.monbailleur.fr\/offres-emploi\/metiers\/responsable-de-programme\/#commercialiser-le-programme-immobilier-et-vendre-les-biens\" >Commercialiser le programme immobilier et vendre les biens<\/a><\/li><\/ul><\/li><li class='ez-toc-page-1 ez-toc-heading-level-3'><a class=\"ez-toc-link ez-toc-heading-6\" href=\"https:\/\/www.monbailleur.fr\/offres-emploi\/metiers\/responsable-de-programme\/#comment-exerce-t-il-son-metier\" >Comment exerce-t-il son m\u00e9tier ?<\/a><\/li><li class='ez-toc-page-1 ez-toc-heading-level-3'><a class=\"ez-toc-link ez-toc-heading-7\" href=\"https:\/\/www.monbailleur.fr\/offres-emploi\/metiers\/responsable-de-programme\/#quel-est-le-salaire-moyen-dun-responsable-de-programme\" >Quel est le salaire moyen d\u2019un responsable de programme ?<\/a><\/li><\/ul><\/li><li class='ez-toc-page-1 ez-toc-heading-level-2'><a class=\"ez-toc-link ez-toc-heading-8\" href=\"https:\/\/www.monbailleur.fr\/offres-emploi\/metiers\/responsable-de-programme\/#comment-devenir-responsable-de-programme-immobilier\" >Comment devenir responsable de programme immobilier ?<\/a><ul class='ez-toc-list-level-3' ><li class='ez-toc-heading-level-3'><a class=\"ez-toc-link ez-toc-heading-9\" href=\"https:\/\/www.monbailleur.fr\/offres-emploi\/metiers\/responsable-de-programme\/#quelles-competences-et-qualites\" >Quelles comp\u00e9tences et qualit\u00e9s ?<\/a><\/li><li class='ez-toc-page-1 ez-toc-heading-level-3'><a class=\"ez-toc-link ez-toc-heading-10\" href=\"https:\/\/www.monbailleur.fr\/offres-emploi\/metiers\/responsable-de-programme\/#formation-etudes-et-diplomes\" >Formation, \u00e9tudes et dipl\u00f4mes<\/a><\/li><li class='ez-toc-page-1 ez-toc-heading-level-3'><a class=\"ez-toc-link ez-toc-heading-11\" href=\"https:\/\/www.monbailleur.fr\/offres-emploi\/metiers\/responsable-de-programme\/#quelles-sont-les-perspectives-devolution\" >Quelles sont les perspectives d\u2019\u00e9volution ?<\/a><\/li><\/ul><\/li><li class='ez-toc-page-1 ez-toc-heading-level-2'><a class=\"ez-toc-link ez-toc-heading-12\" href=\"https:\/\/www.monbailleur.fr\/offres-emploi\/metiers\/responsable-de-programme\/#responsable-de-programme-decouvrez-les-offres-demploi-des-bailleurs-sociaux\" >Responsable de programme : d\u00e9couvrez les offres d\u2019emploi des bailleurs sociaux<\/a><\/li><\/ul><\/nav><\/div>\n<h2 class=\"wp-block-heading\" id=\"h-tout-savoir-sur-le-metier-de-responsable-de-programme\"><span class=\"ez-toc-section\" id=\"tout-savoir-sur-le-metier-de-responsable-de-programme\"><\/span>Tout savoir sur le m\u00e9tier de responsable de programme<span class=\"ez-toc-section-end\"><\/span><\/h2><p>V\u00e9ritable chef d\u2019orchestre, le responsable de programme assure le montage et le suivi d\u2019un projet immobilier sur le plan administratif, technique, financier et commercial. Il est responsable de missions vari\u00e9es, et doit \u00eatre aussi performant dans ses bureaux que sur le terrain. On parle aussi de <strong>charg\u00e9 d\u2019op\u00e9ration<\/strong> ou de chef de projet immobilier.<\/p><h3 class=\"wp-block-heading\"><span class=\"ez-toc-section\" id=\"quelles-sont-les-principales-missions-de-cet-expert-de-limmobilier\"><\/span>Quelles sont les principales missions de cet expert de l\u2019immobilier ?<span class=\"ez-toc-section-end\"><\/span><\/h3><p>Le responsable de programme immobilier assure une grande vari\u00e9t\u00e9 de missions, qui vont de la recherche du terrain \u00e0 b\u00e2tir \u00e0 la <strong>commercialisation<\/strong> du projet immobilier. Il garantit le bon d\u00e9roulement de l\u2019op\u00e9ration, le respect du budget et des d\u00e9lais, et la qualit\u00e9 du programme livr\u00e9.<\/p><h4 class=\"wp-block-heading\"><span class=\"ez-toc-section\" id=\"elaborer-et-monter-le-projet\"><\/span>\u00c9laborer et monter le projet<span class=\"ez-toc-section-end\"><\/span><\/h4><p>Le responsable de programme doit d\u2019abord \u00e9laborer le projet immobilier. Pour cela, il a g\u00e9n\u00e9ralement recours \u00e0 :<\/p><ul class=\"wp-block-list\"><li>une \u00e9tude de faisabilit\u00e9 : il commence par prospecter, pour <strong>trouver le terrain \u00e0 b\u00e2tir<\/strong>. Il consulte ensuite les r\u00e8gles d\u2019urbanisme et les \u00e9tudes de rentabilit\u00e9 de la zone fonci\u00e8re, en collaboration avec le ma\u00eetre d\u2019ouvrage (le propri\u00e9taire qui commande et finance les travaux). Le chef de projet immobilier peut aussi faire r\u00e9aliser des diagnostics techniques, et \u00e9laborer le plan de financement pr\u00e9visionnel du projet ;<\/li>\n\n<li>des \u00e9tudes d\u2019avant-projet : il collabore avec le ma\u00eetre d\u2019ouvrage (l\u2019expert en charge des travaux), pour v\u00e9rifier la faisabilit\u00e9 technique et financi\u00e8re du projet.<\/li><\/ul><p>Une fois ces \u00e9tudes valid\u00e9es par le ma\u00eetre d\u2019ouvrage, le responsable doit concevoir le programme \u00e0 proprement parler. Il pilote l\u2019acquisition fonci\u00e8re et estime le <strong>co\u00fbt global du projet<\/strong>. Il participe parfois \u00e0 l\u2019\u00e9laboration du dossier et \u00e0 la recherche des financements. C\u2019est aussi lui qui programme le planning des travaux.\u00a0<\/p><p>Le responsable de programme s\u2019occupe ensuite du montage de l\u2019op\u00e9ration. Il <strong>g\u00e8re les appels d\u2019offres<\/strong>, aide le ma\u00eetre d\u2019ouvrage \u00e0 s\u00e9lectionner les entreprises, et l\u2019assiste dans la signature des march\u00e9s. En plus de participer aux demandes d\u2019autorisations administratives (pour le permis de construire, notamment), il est aussi charg\u00e9 d\u2019\u00e9laborer tous les documents contractuels et techniques pr\u00e9alables au chantier. Il s\u2019occupe enfin de suivre et de traiter les \u00e9ventuelles contestations (le recours des tiers, notamment).<\/p><h4 class=\"wp-block-heading\"><span class=\"ez-toc-section\" id=\"suivre-les-travaux-et-garantir-le-respect-du-programme\"><\/span>Suivre les travaux et garantir le respect du programme<span class=\"ez-toc-section-end\"><\/span><\/h4><p>Le chef de projet immobilier doit ensuite s\u2019assurer de l\u2019avanc\u00e9e des travaux, et du bon d\u00e9roulement de l\u2019op\u00e9ration.<\/p><p>Pour cela, il se voit confier un certain nombre de missions et de responsabilit\u00e9s :<\/p><ul class=\"wp-block-list\"><li>sur le chantier : il se rend r\u00e9guli\u00e8rement sur place et pilote les prestataires. Il doit notamment contr\u00f4ler l\u2019avanc\u00e9e des travaux, et le respect du cahier des charges, des d\u00e9lais et de la qualit\u00e9. Il supervise ensuite la pr\u00e9-livraison du chantier, et participe \u00e0 l\u2019\u00e9mission des r\u00e9serves. Apr\u00e8s la lev\u00e9e des r\u00e9serves, il contr\u00f4le le \u00ab&nbsp;parfait ach\u00e8vement&nbsp;\u00bb et la r\u00e9ception d\u00e9finitive des travaux ;<\/li>\n\n<li>dans ses bureaux : apr\u00e8s avoir n\u00e9goci\u00e9 les tarifs et les conditions de chaque contrat, il v\u00e9rifie que tous les prestataires respectent bien leurs engagements. Il suit \u00e9galement les \u00e9ch\u00e9anciers de paiement et les appels de fonds, en collaboration avec le service comptabilit\u00e9.<\/li><\/ul><p>\u00c0 ce stade de l\u2019op\u00e9ration, le responsable peut aussi devoir g\u00e9rer des dossiers de pr\u00e9-contentieux ou de contentieux.<\/p><h4 class=\"wp-block-heading\"><span class=\"ez-toc-section\" id=\"commercialiser-le-programme-immobilier-et-vendre-les-biens\"><\/span>Commercialiser le programme immobilier et vendre les biens<span class=\"ez-toc-section-end\"><\/span><\/h4><p>Une fois tous les permis obtenus, le programme immobilier peut \u00eatre commercialis\u00e9. Et le responsable de programme intervient \u00e0 nouveau ! C\u2019est en effet lui qui est charg\u00e9 de valoriser l\u2019op\u00e9ration et de vendre les biens.<\/p><div class=\"wp-block-image\"><figure class=\"aligncenter size-full is-resized\"><img decoding=\"async\" src=\"https:\/\/www.monbailleur.fr\/offres-emploi\/wp-content\/uploads\/2023\/07\/Negociateur-immobilier-signature-transaction.jpeg\" alt=\"Commercialisation de logement neuf par un responsable de programme\" class=\"wp-image-7053\" width=\"500\" height=\"334\" srcset=\"https:\/\/www.monbailleur.fr\/offres-emploi\/wp-content\/uploads\/2023\/07\/Negociateur-immobilier-signature-transaction.jpeg 1000w, https:\/\/www.monbailleur.fr\/offres-emploi\/wp-content\/uploads\/2023\/07\/Negociateur-immobilier-signature-transaction-300x200.jpeg 300w, https:\/\/www.monbailleur.fr\/offres-emploi\/wp-content\/uploads\/2023\/07\/Negociateur-immobilier-signature-transaction-768x512.jpeg 768w, https:\/\/www.monbailleur.fr\/offres-emploi\/wp-content\/uploads\/2023\/07\/Negociateur-immobilier-signature-transaction-600x400.jpeg 600w\" sizes=\"(max-width: 500px) 100vw, 500px\" \/><\/figure><\/div><p>Il s\u2019occupe d\u2019abord de <strong>fixer les prix de vente et d\u2019\u00e9tablir une grille tarifaire<\/strong>. Il participe ensuite \u00e0 la pr\u00e9-commercialisation et au lancement du programme (en collaboration avec les \u00e9quipes commerciales et marketing de la structure qui l\u2019emploie). Le responsable de programme est enfin pr\u00e9sent au moment de la vente des biens et de leur pr\u00e9-livraison aux acqu\u00e9reurs. Il participe \u00e0 la lev\u00e9e des r\u00e9serves de r\u00e9ception.<\/p><p>Ce professionnel polyvalent peut aussi assurer le service apr\u00e8s-vente chez certains bailleurs sociaux, jusqu\u2019\u00e0 la fin des p\u00e9riodes de garanties.&nbsp;<\/p><h3 class=\"wp-block-heading\"><span class=\"ez-toc-section\" id=\"comment-exerce-t-il-son-metier\"><\/span>Comment exerce-t-il son m\u00e9tier ?<span class=\"ez-toc-section-end\"><\/span><\/h3><p>Le responsable de programme s\u2019occupe de projets immobiliers dans leur globalit\u00e9. Parfois sp\u00e9cialis\u00e9 (dans les programmes neufs ou les op\u00e9rations de r\u00e9habilitation, par exemple), il peut \u00eatre amen\u00e9 \u00e0 travailler sur des projets plus ou moins importants. Il peut par exemple \u00eatre charg\u00e9 d\u2019op\u00e9rations d\u2019acquisition fonci\u00e8re ou de construction neuve, d\u2019am\u00e9lioration du parc immobilier, d\u2019am\u00e9nagement d\u2019espaces ou de maintenance\u2026 Il est parfois responsable d\u2019op\u00e9rations de d\u00e9molition.&nbsp;<\/p><p>Le responsable de programme peut travailler pour des <strong>ma\u00eetres d\u2019ouvrage<\/strong> priv\u00e9s (un constructeur ou une soci\u00e9t\u00e9 de gestion immobili\u00e8re, une soci\u00e9t\u00e9 d\u2019assurance ou une banque\u2026) ou publics (une collectivit\u00e9 territoriale ou un \u00e9tablissement public\u2026). Il peut exercer son m\u00e9tier en ind\u00e9pendant, ou rejoindre les \u00e9quipes d\u2019une soci\u00e9t\u00e9 d\u2019\u00e9conomie mixte, d\u2019un organisme HLM ou d\u2019un <strong>bailleur social<\/strong>. Il peut \u00eatre embauch\u00e9 par toutes les structures qui ont une activit\u00e9 de construction ou de r\u00e9habilitation immobili\u00e8re.<\/p><p>Le chef de projet immobilier exerce un m\u00e9tier polyvalent et travaille avec plusieurs collaborateurs de l\u2019entreprise : les \u00e9quipes du d\u00e9veloppement foncier, le service comptabilit\u00e9, le service juridique, les \u00e9quipes commerciales et le service marketing\u2026 Dans les grandes structures, il est <strong>souvent second\u00e9<\/strong> par des assistants op\u00e9rationnels. Tr\u00e8s mobile, il collabore aussi avec de nombreux intervenants ext\u00e9rieurs : des bureaux d\u2019\u00e9tudes, des ing\u00e9nieurs et des architectes, des assureurs, des constructeurs et des entreprises de travaux\u2026<\/p><h3 class=\"wp-block-heading\"><span class=\"ez-toc-section\" id=\"quel-est-le-salaire-moyen-dun-responsable-de-programme\"><\/span>Quel est le salaire moyen d\u2019un responsable de programme ?<span class=\"ez-toc-section-end\"><\/span><\/h3><p>Le responsable de programme se voit confier un certain nombre de missions et de nombreuses responsabilit\u00e9s. Au d\u00e9but de sa carri\u00e8re, il peut donc d\u00e9j\u00e0 pr\u00e9tendre \u00e0 un salaire assez \u00e9lev\u00e9 (entre <strong>30 000 et 40 000 euros<\/strong> bruts par an). Sa r\u00e9mun\u00e9ration moyenne d\u00e9pend du type de structure qui l\u2019emploie et de l\u2019\u00e9tendue des missions qui lui sont confi\u00e9es. Elle peut ensuite rapidement \u00e9voluer, pour atteindre les 40 000 \u00e0 50 000 euros bruts par an.\u00a0<\/p><p>Selon les salaires renseign\u00e9s sur le site Indeed, la r\u00e9mun\u00e9ration moyenne d\u2019un responsable de programme tourne <a href=\"https:\/\/fr.indeed.com\/career\/responsable-de-programmes\/salaries\" target=\"_blank\" rel=\"noreferrer noopener\">autour de 45 000 euros bruts par an<\/a>. Un cadre confirm\u00e9 peut \u00eatre pay\u00e9 entre 50 000 et 90 000 euros bruts par an. Chez les bailleurs sociaux, le responsable de programme peut aussi profiter de plusieurs avantages sociaux (une assurance sant\u00e9, des RTT, une pr\u00e9voyance et des r\u00e9gimes de retraite avantageux\u2026).<\/p><h2 class=\"wp-block-heading\"><span class=\"ez-toc-section\" id=\"comment-devenir-responsable-de-programme-immobilier\"><\/span>Comment devenir responsable de programme immobilier ?<span class=\"ez-toc-section-end\"><\/span><\/h2><p>Pour exercer le m\u00e9tier de responsable de programme, il faut disposer de plusieurs qualit\u00e9s ind\u00e9niables et de <strong>comp\u00e9tences techniques sp\u00e9cifiques<\/strong>. Et cette profession exige aussi une certaine exp\u00e9rience ! En plus d\u2019\u00eatre titulaire d\u2019un dipl\u00f4me, il faut g\u00e9n\u00e9ralement passer par d\u2019autres postes avant de pouvoir devenir charg\u00e9 de programme.<\/p><h3 class=\"wp-block-heading\"><span class=\"ez-toc-section\" id=\"quelles-competences-et-qualites\"><\/span>Quelles comp\u00e9tences et qualit\u00e9s ?<span class=\"ez-toc-section-end\"><\/span><\/h3><p>Exer\u00e7ant un m\u00e9tier polyvalent et \u00e0 haute responsabilit\u00e9, le responsable de programme doit profiter de certaines qualit\u00e9s humaines et de plusieurs comp\u00e9tences organisationnelles :<\/p><div class=\"wp-block-image\"><figure class=\"aligncenter size-large is-resized\"><img decoding=\"async\" src=\"https:\/\/www.monbailleur.fr\/offres-emploi\/wp-content\/uploads\/2023\/06\/Entretien-recrutement-emploi-1-1024x683.jpeg\" alt=\"Entretien pour un emploi de responsable de programme immobilier\" class=\"wp-image-5875\" width=\"512\" height=\"342\" srcset=\"https:\/\/www.monbailleur.fr\/offres-emploi\/wp-content\/uploads\/2023\/06\/Entretien-recrutement-emploi-1-1024x683.jpeg 1024w, https:\/\/www.monbailleur.fr\/offres-emploi\/wp-content\/uploads\/2023\/06\/Entretien-recrutement-emploi-1-300x200.jpeg 300w, https:\/\/www.monbailleur.fr\/offres-emploi\/wp-content\/uploads\/2023\/06\/Entretien-recrutement-emploi-1-768x512.jpeg 768w, https:\/\/www.monbailleur.fr\/offres-emploi\/wp-content\/uploads\/2023\/06\/Entretien-recrutement-emploi-1-600x400.jpeg 600w, https:\/\/www.monbailleur.fr\/offres-emploi\/wp-content\/uploads\/2023\/06\/Entretien-recrutement-emploi-1.jpeg 1500w\" sizes=\"(max-width: 512px) 100vw, 512px\" \/><\/figure><\/div><ul class=\"wp-block-list\"><li>de la rigueur et de l\u2019organisation : pour remplir correctement toutes ses missions, il doit \u00eatre bien organis\u00e9 et rigoureux dans son travail. Dynamique et polyvalent, il doit \u00eatre capable de g\u00e9rer un projet de A \u00e0 Z ;<\/li>\n\n<li>une bonne capacit\u00e9 d\u2019adaptation et de r\u00e9sistance \u00e0 la pression : les op\u00e9rations immobili\u00e8res se d\u00e9roulent rarement sans probl\u00e8me ou modification. R\u00e9actif et pers\u00e9v\u00e9rant, le responsable de programme doit \u00eatre capable de s\u2019adapter rapidement \u00e0 toutes les situations, sans c\u00e9der \u00e0 la pression ;<\/li>\n\n<li>le sens du leadership, de la communication et de la n\u00e9gociation : pour collaborer avec tous les autres intervenants au projet, il doit avoir un bon sens du contact. Le charg\u00e9 d\u2019op\u00e9ration doit aussi \u00eatre capable de manager une \u00e9quipe, d\u2019argumenter et de n\u00e9gocier avec plusieurs acteurs. Il doit \u00e9videmment avoir d\u2019excellentes capacit\u00e9s orales et \u00e9crites.<\/li><\/ul><p>Pour exercer son m\u00e9tier dans les meilleures conditions possibles, le responsable de programme doit enfin avoir acquis des connaissances solides dans plusieurs domaines. V\u00e9ritable expert de l\u2019immobilier, il doit ma\u00eetriser le march\u00e9 et le droit de l\u2019immobilier, les r\u00e8gles d\u2019urbanisme et le droit de la construction, mais aussi avoir de bonnes notions de finance et de comptabilit\u00e9\u2026<\/p><p>Pour en savoir plus sur les qualit\u00e9s et comp\u00e9tences d\u2019un charg\u00e9 d\u2019op\u00e9rations immobili\u00e8res, rendez-vous sur le site de <a href=\"https:\/\/candidat.pole-emploi.fr\/metierscope\/fiche-metier\/C1503\/charge-chargee-operations-immobilieres\" target=\"_blank\" rel=\"noreferrer noopener\">P\u00f4le Emploi<\/a>.<\/p><h3 class=\"wp-block-heading\"><span class=\"ez-toc-section\" id=\"formation-etudes-et-diplomes\"><\/span>Formation, \u00e9tudes et dipl\u00f4mes<span class=\"ez-toc-section-end\"><\/span><\/h3><p>Pour devenir responsable de programme immobilier, il faut g\u00e9n\u00e9ralement \u00eatre titulaire d\u2019un dipl\u00f4me de niveau <strong>Bac +4 ou Bac +5<\/strong>. Certains dipl\u00f4mes de niveau Bac +3 tr\u00e8s cibl\u00e9s suffisent parfois pour acc\u00e9der \u00e0 la profession.<\/p><p>Il est par exemple possible de pr\u00e9parer :<\/p><ul class=\"wp-block-list\"><li>un dipl\u00f4me de niveau Bac +3 : une <a href=\"https:\/\/www.onisep.fr\/ressources\/univers-formation\/formations\/Post-bac\/licence-pro-mention-metiers-de-l-immobilier-transaction-et-commercialisation-de-biens-immobiliers\" target=\"_blank\" rel=\"noreferrer noopener\">licence pro<\/a> \u00ab\u00a0M\u00e9tiers de l\u2019immobilier : transaction et commercialisation de biens immobiliers\u00a0\u00bb, une licence immobilier de l\u2019ICH (Institut de droit et d&rsquo;\u00e9conomie appliqu\u00e9s \u00e0 l\u2019immobilier), ou un bachelor d\u00e9livr\u00e9 par une \u00e9cole sp\u00e9cialis\u00e9e (EFAB &#8211; \u00c9cole sup\u00e9rieure de l\u2019Immobilier, Suptertiaire Immobilier, ESPI &#8211; \u00c9cole Sup\u00e9rieure des Professions Immobili\u00e8res\u2026) ;<\/li>\n\n<li>un dipl\u00f4me de niveau Bac +5 : un <a href=\"https:\/\/www.onisep.fr\/ressources\/univers-formation\/formations\/Post-bac\/master-mention-droit-de-l-immobilier\" target=\"_blank\" rel=\"noreferrer noopener\">master mention droit de l&rsquo;immobilier<\/a>, de l&rsquo;urbanisme ou de la construction, un master en ing\u00e9nierie immobili\u00e8re, un master Sciences Po Urbanisme, un dipl\u00f4me d\u2019\u00e9cole d\u2019ing\u00e9nieur en b\u00e2timent ou travaux publics, un dipl\u00f4me d\u2019architecte DPLG, un dipl\u00f4me d&rsquo;\u00e9cole sup\u00e9rieure de commerce ou de gestion, ou un dipl\u00f4me d\u2019\u00e9cole sp\u00e9cialis\u00e9e dans l\u2019immobilier.<\/li><\/ul><p>Certaines certifications et formations professionnelles permettent aussi d\u2019acc\u00e9der \u00e0 la profession :<\/p><ul class=\"wp-block-list\"><li>le Titre RNCP \u00ab&nbsp;Charg\u00e9 d\u2019op\u00e9rations&nbsp;\u00bb (certification Afpols de niveau 7) ;<\/li>\n\n<li>le <a href=\"https:\/\/www.francecompetences.fr\/recherche\/rncp\/24861\/\" target=\"_blank\" rel=\"noreferrer noopener\">Titre RNCP \u00ab&nbsp;Responsable de programme immobilier&nbsp;\u00bb<\/a> (certification CNAM) ;<\/li>\n\n<li>le Titre RNCP \u00ab&nbsp;Certificat Pilotage d&rsquo;un projet BIM&nbsp;\u00bb (certification Ponts Formation Conseil).<\/li><\/ul><p>Il faut \u00e9galement pouvoir justifier d\u2019un certain nombre d\u2019ann\u00e9es d\u2019exp\u00e9rience dans le secteur immobilier. Conception ou gestion de programmes immobiliers, conduite de travaux, recherche ou d\u00e9veloppement foncier\u2026 Les recruteurs sont g\u00e9n\u00e9ralement \u00e0 la recherche de profils exp\u00e9riment\u00e9s.<\/p><h3 class=\"wp-block-heading\"><span class=\"ez-toc-section\" id=\"quelles-sont-les-perspectives-devolution\"><\/span>Quelles sont les perspectives d\u2019\u00e9volution ?<span class=\"ez-toc-section-end\"><\/span><\/h3><p>Apr\u00e8s plusieurs ann\u00e9es d\u2019exp\u00e9rience, le responsable de programme peut se voir confier des fonctions manag\u00e9riales ou acc\u00e9der \u00e0 des postes encore plus qualifi\u00e9s. Il peut devenir <strong>directeur de programmes<\/strong> immobiliers et g\u00e9rer des projets d\u2019envergure. Il peut aussi choisir de se sp\u00e9cialiser dans un secteur en particulier (les immeubles de bureaux, le logement social, les r\u00e9habilitations de quartiers\u2026). Le responsable de programme peut enfin se r\u00e9orienter et devenir manager des actifs et patrimoines immobiliers, ou directeur de d\u00e9veloppement foncier.\u00a0<\/p><p>Chez un bailleur social, le responsable de programme peut devenir directeur ou responsable de la ma\u00eetrise d\u2019ouvrage. Ce poste suppose g\u00e9n\u00e9ralement plusieurs ann\u00e9es d\u2019exp\u00e9rience pr\u00e9alable dans le domaine de la ma\u00eetrise d\u2019ouvrage, et une premi\u00e8re exp\u00e9rience r\u00e9ussie en management d\u2019\u00e9quipe.<\/p><h2 class=\"wp-block-heading\"><span class=\"ez-toc-section\" id=\"responsable-de-programme-decouvrez-les-offres-demploi-des-bailleurs-sociaux\"><\/span>Responsable de programme : d\u00e9couvrez les offres d\u2019emploi des bailleurs sociaux<span class=\"ez-toc-section-end\"><\/span><\/h2><p>Vous souhaitez <strong>rejoindre les \u00e9quipes<\/strong> d\u2019un organisme HLM ou d\u2019un bailleur social pour exercer un m\u00e9tier qui a du sens ? Vous avez d\u00e9j\u00e0 de l\u2019exp\u00e9rience en tant que responsable de programme, et vous aimeriez travailler dans le secteur du logement social ? Accessible et facile \u00e0 utiliser, notre plateforme vous permet de consulter toutes les <a href=\"https:\/\/www.monbailleur.fr\/offres-emploi\/\" target=\"_blank\" rel=\"noreferrer noopener\">annonces de recrutement<\/a> des bailleurs sociaux sur ce poste.<\/p><p>Rendez-vous sur notre moteur de rechercher pour d\u00e9couvrir toutes les offres d\u2019emploi de responsable de programme. Vous pouvez facilement vous renseigner sur la structure qui recrute et sur les comp\u00e9tences recherch\u00e9es, et v\u00e9rifier si votre profil correspond !<\/p>","protected":false},"excerpt":{"rendered":"<p>Le responsable de programme occupe un poste strat\u00e9gique au sein de l\u2019entreprise. Conception et montage du projet immobilier, coordination des \u00e9quipes et suivi des travaux, r\u00e9ception du chantier et commercialisation de l\u2019op\u00e9ration\u2026 Cet expert du secteur immobilier intervient \u00e0 toutes les \u00e9tapes de l\u2019\u00e9laboration d\u2019un nouveau programme. Il exerce un m\u00e9tier exigeant et polyvalent, qui<\/p>\n","protected":false},"author":5,"featured_media":5876,"comment_status":"open","ping_status":"open","sticky":false,"template":"","format":"standard","meta":{"footnotes":""},"categories":[68],"tags":[],"class_list":["post-6529","post","type-post","status-publish","format-standard","has-post-thumbnail","hentry","category-metiers"],"yoast_head":"<!-- This site is optimized with the Yoast SEO Premium plugin v22.4 (Yoast SEO v25.1) - https:\/\/yoast.com\/wordpress\/plugins\/seo\/ -->\n<title>Responsable de programme : missions, formation, offre d&#039;emplois<\/title>\n<meta name=\"description\" content=\"Tout ce qu&#039;il faut savoir sur le m\u00e9tier de responsable de programme : missions et comp\u00e9tences, formation, salaire et perspectives d&#039;emploi.\" \/>\n<meta name=\"robots\" content=\"index, follow, max-snippet:-1, max-image-preview:large, max-video-preview:-1\" \/>\n<link rel=\"canonical\" href=\"https:\/\/www.monbailleur.fr\/offres-emploi\/metiers\/responsable-de-programme\" \/>\n<meta property=\"og:locale\" content=\"fr_FR\" \/>\n<meta property=\"og:type\" content=\"article\" \/>\n<meta property=\"og:title\" content=\"Responsable de programme : missions, comp\u00e9tences et formation\" \/>\n<meta property=\"og:description\" content=\"Tout ce qu&#039;il faut savoir sur le m\u00e9tier de responsable de programme : missions et comp\u00e9tences, formation, salaire et perspectives d&#039;emploi.\" \/>\n<meta property=\"og:url\" content=\"https:\/\/www.monbailleur.fr\/offres-emploi\/metiers\/responsable-de-programme\" \/>\n<meta property=\"og:site_name\" content=\"Monbailleur.fr - Emploi\" \/>\n<meta property=\"article:published_time\" content=\"2023-08-01T14:34:14+00:00\" \/>\n<meta property=\"article:modified_time\" content=\"2023-08-01T14:34:17+00:00\" \/>\n<meta property=\"og:image\" content=\"https:\/\/www.monbailleur.fr\/offres-emploi\/wp-content\/uploads\/2023\/06\/Maitrise-douvrage-chantier-construction-1.jpeg\" \/>\n\t<meta property=\"og:image:width\" content=\"1500\" \/>\n\t<meta property=\"og:image:height\" content=\"1000\" \/>\n\t<meta property=\"og:image:type\" content=\"image\/jpeg\" \/>\n<meta name=\"author\" content=\"Anna De Gouyon Matignon\" \/>\n<meta name=\"twitter:card\" content=\"summary_large_image\" \/>\n<meta name=\"twitter:label1\" content=\"\u00c9crit par\" \/>\n\t<meta name=\"twitter:data1\" content=\"Anna De Gouyon Matignon\" \/>\n\t<meta name=\"twitter:label2\" content=\"Dur\u00e9e de lecture estim\u00e9e\" \/>\n\t<meta name=\"twitter:data2\" content=\"10 minutes\" \/>\n<script type=\"application\/ld+json\" class=\"yoast-schema-graph\">{\"@context\":\"https:\/\/schema.org\",\"@graph\":[{\"@type\":\"Article\",\"@id\":\"https:\/\/www.monbailleur.fr\/offres-emploi\/metiers\/responsable-de-programme#article\",\"isPartOf\":{\"@id\":\"https:\/\/www.monbailleur.fr\/offres-emploi\/metiers\/responsable-de-programme\"},\"author\":{\"name\":\"Anna De Gouyon Matignon\",\"@id\":\"https:\/\/www.monbailleur.fr\/offres-emploi\/#\/schema\/person\/0490927abb4c2d7770e99d7d2e6f009b\"},\"headline\":\"Responsable de programme : missions, comp\u00e9tences et formation\",\"datePublished\":\"2023-08-01T14:34:14+00:00\",\"dateModified\":\"2023-08-01T14:34:17+00:00\",\"mainEntityOfPage\":{\"@id\":\"https:\/\/www.monbailleur.fr\/offres-emploi\/metiers\/responsable-de-programme\"},\"wordCount\":2168,\"commentCount\":0,\"publisher\":{\"@id\":\"https:\/\/www.monbailleur.fr\/offres-emploi\/#organization\"},\"image\":{\"@id\":\"https:\/\/www.monbailleur.fr\/offres-emploi\/metiers\/responsable-de-programme#primaryimage\"},\"thumbnailUrl\":\"https:\/\/www.monbailleur.fr\/offres-emploi\/wp-content\/uploads\/2023\/06\/Maitrise-douvrage-chantier-construction-1.jpeg\",\"articleSection\":[\"Les M\u00e9tiers du Logement Social\"],\"inLanguage\":\"fr-FR\",\"potentialAction\":[{\"@type\":\"CommentAction\",\"name\":\"Comment\",\"target\":[\"https:\/\/www.monbailleur.fr\/offres-emploi\/metiers\/responsable-de-programme#respond\"]}]},{\"@type\":\"WebPage\",\"@id\":\"https:\/\/www.monbailleur.fr\/offres-emploi\/metiers\/responsable-de-programme\",\"url\":\"https:\/\/www.monbailleur.fr\/offres-emploi\/metiers\/responsable-de-programme\",\"name\":\"Responsable de programme : missions, formation, offre d'emplois\",\"isPartOf\":{\"@id\":\"https:\/\/www.monbailleur.fr\/offres-emploi\/#website\"},\"primaryImageOfPage\":{\"@id\":\"https:\/\/www.monbailleur.fr\/offres-emploi\/metiers\/responsable-de-programme#primaryimage\"},\"image\":{\"@id\":\"https:\/\/www.monbailleur.fr\/offres-emploi\/metiers\/responsable-de-programme#primaryimage\"},\"thumbnailUrl\":\"https:\/\/www.monbailleur.fr\/offres-emploi\/wp-content\/uploads\/2023\/06\/Maitrise-douvrage-chantier-construction-1.jpeg\",\"datePublished\":\"2023-08-01T14:34:14+00:00\",\"dateModified\":\"2023-08-01T14:34:17+00:00\",\"description\":\"Tout ce qu'il faut savoir sur le m\u00e9tier de responsable de programme : missions et comp\u00e9tences, formation, salaire et perspectives d'emploi.\",\"breadcrumb\":{\"@id\":\"https:\/\/www.monbailleur.fr\/offres-emploi\/metiers\/responsable-de-programme#breadcrumb\"},\"inLanguage\":\"fr-FR\",\"potentialAction\":[{\"@type\":\"ReadAction\",\"target\":[\"https:\/\/www.monbailleur.fr\/offres-emploi\/metiers\/responsable-de-programme\"]}]},{\"@type\":\"ImageObject\",\"inLanguage\":\"fr-FR\",\"@id\":\"https:\/\/www.monbailleur.fr\/offres-emploi\/metiers\/responsable-de-programme#primaryimage\",\"url\":\"https:\/\/www.monbailleur.fr\/offres-emploi\/wp-content\/uploads\/2023\/06\/Maitrise-douvrage-chantier-construction-1.jpeg\",\"contentUrl\":\"https:\/\/www.monbailleur.fr\/offres-emploi\/wp-content\/uploads\/2023\/06\/Maitrise-douvrage-chantier-construction-1.jpeg\",\"width\":1500,\"height\":1000,\"caption\":\"emploi construction logement social\"},{\"@type\":\"BreadcrumbList\",\"@id\":\"https:\/\/www.monbailleur.fr\/offres-emploi\/metiers\/responsable-de-programme#breadcrumb\",\"itemListElement\":[{\"@type\":\"ListItem\",\"position\":1,\"name\":\"Accueil\",\"item\":\"https:\/\/www.monbailleur.fr\/offres-emploi\/\"},{\"@type\":\"ListItem\",\"position\":2,\"name\":\"Les M\u00e9tiers du Logement Social\",\"item\":\"https:\/\/www.monbailleur.fr\/offres-emploi\/categorie\/metiers\"},{\"@type\":\"ListItem\",\"position\":3,\"name\":\"Responsable de programme : missions, comp\u00e9tences et formation\"}]},{\"@type\":\"WebSite\",\"@id\":\"https:\/\/www.monbailleur.fr\/offres-emploi\/#website\",\"url\":\"https:\/\/www.monbailleur.fr\/offres-emploi\/\",\"name\":\"Monbailleur.fr - Emploi\",\"description\":\"Les offres d&#039;emploi du logement social\",\"publisher\":{\"@id\":\"https:\/\/www.monbailleur.fr\/offres-emploi\/#organization\"},\"potentialAction\":[{\"@type\":\"SearchAction\",\"target\":{\"@type\":\"EntryPoint\",\"urlTemplate\":\"https:\/\/www.monbailleur.fr\/offres-emploi\/?s={search_term_string}\"},\"query-input\":{\"@type\":\"PropertyValueSpecification\",\"valueRequired\":true,\"valueName\":\"search_term_string\"}}],\"inLanguage\":\"fr-FR\"},{\"@type\":\"Organization\",\"@id\":\"https:\/\/www.monbailleur.fr\/offres-emploi\/#organization\",\"name\":\"Monbailleur.fr - Emploi\",\"url\":\"https:\/\/www.monbailleur.fr\/offres-emploi\/\",\"logo\":{\"@type\":\"ImageObject\",\"inLanguage\":\"fr-FR\",\"@id\":\"https:\/\/www.monbailleur.fr\/offres-emploi\/#\/schema\/logo\/image\/\",\"url\":\"https:\/\/www.monbailleur.fr\/offres-emploi\/wp-content\/uploads\/2023\/06\/MonBailleur-1200x675-1.png\",\"contentUrl\":\"https:\/\/www.monbailleur.fr\/offres-emploi\/wp-content\/uploads\/2023\/06\/MonBailleur-1200x675-1.png\",\"width\":1200,\"height\":675,\"caption\":\"Monbailleur.fr - Emploi\"},\"image\":{\"@id\":\"https:\/\/www.monbailleur.fr\/offres-emploi\/#\/schema\/logo\/image\/\"}},{\"@type\":\"Person\",\"@id\":\"https:\/\/www.monbailleur.fr\/offres-emploi\/#\/schema\/person\/0490927abb4c2d7770e99d7d2e6f009b\",\"name\":\"Anna De Gouyon Matignon\",\"image\":{\"@type\":\"ImageObject\",\"inLanguage\":\"fr-FR\",\"@id\":\"https:\/\/www.monbailleur.fr\/offres-emploi\/#\/schema\/person\/image\/\",\"url\":\"https:\/\/secure.gravatar.com\/avatar\/97a6594b963a1083033e0377d3282146932874af426cfbb94b136e67991a5638?s=96&d=mm&r=g\",\"contentUrl\":\"https:\/\/secure.gravatar.com\/avatar\/97a6594b963a1083033e0377d3282146932874af426cfbb94b136e67991a5638?s=96&d=mm&r=g\",\"caption\":\"Anna De Gouyon Matignon\"},\"url\":\"https:\/\/www.monbailleur.fr\/offres-emploi\/author\/annadegouyonmatignon\"}]}<\/script>\n<!-- \/ Yoast SEO Premium plugin. -->","yoast_head_json":{"title":"Responsable de programme : missions, formation, offre d'emplois","description":"Tout ce qu'il faut savoir sur le m\u00e9tier de responsable de programme : missions et comp\u00e9tences, formation, salaire et perspectives d'emploi.","robots":{"index":"index","follow":"follow","max-snippet":"max-snippet:-1","max-image-preview":"max-image-preview:large","max-video-preview":"max-video-preview:-1"},"canonical":"https:\/\/www.monbailleur.fr\/offres-emploi\/metiers\/responsable-de-programme","og_locale":"fr_FR","og_type":"article","og_title":"Responsable de programme : missions, comp\u00e9tences et formation","og_description":"Tout ce qu'il faut savoir sur le m\u00e9tier de responsable de programme : missions et comp\u00e9tences, formation, salaire et perspectives d'emploi.","og_url":"https:\/\/www.monbailleur.fr\/offres-emploi\/metiers\/responsable-de-programme","og_site_name":"Monbailleur.fr - Emploi","article_published_time":"2023-08-01T14:34:14+00:00","article_modified_time":"2023-08-01T14:34:17+00:00","og_image":[{"width":1500,"height":1000,"url":"https:\/\/www.monbailleur.fr\/offres-emploi\/wp-content\/uploads\/2023\/06\/Maitrise-douvrage-chantier-construction-1.jpeg","type":"image\/jpeg"}],"author":"Anna De Gouyon Matignon","twitter_card":"summary_large_image","twitter_misc":{"\u00c9crit par":"Anna De Gouyon Matignon","Dur\u00e9e de lecture estim\u00e9e":"10 minutes"},"schema":{"@context":"https:\/\/schema.org","@graph":[{"@type":"Article","@id":"https:\/\/www.monbailleur.fr\/offres-emploi\/metiers\/responsable-de-programme#article","isPartOf":{"@id":"https:\/\/www.monbailleur.fr\/offres-emploi\/metiers\/responsable-de-programme"},"author":{"name":"Anna De Gouyon Matignon","@id":"https:\/\/www.monbailleur.fr\/offres-emploi\/#\/schema\/person\/0490927abb4c2d7770e99d7d2e6f009b"},"headline":"Responsable de programme : missions, comp\u00e9tences et formation","datePublished":"2023-08-01T14:34:14+00:00","dateModified":"2023-08-01T14:34:17+00:00","mainEntityOfPage":{"@id":"https:\/\/www.monbailleur.fr\/offres-emploi\/metiers\/responsable-de-programme"},"wordCount":2168,"commentCount":0,"publisher":{"@id":"https:\/\/www.monbailleur.fr\/offres-emploi\/#organization"},"image":{"@id":"https:\/\/www.monbailleur.fr\/offres-emploi\/metiers\/responsable-de-programme#primaryimage"},"thumbnailUrl":"https:\/\/www.monbailleur.fr\/offres-emploi\/wp-content\/uploads\/2023\/06\/Maitrise-douvrage-chantier-construction-1.jpeg","articleSection":["Les M\u00e9tiers du Logement Social"],"inLanguage":"fr-FR","potentialAction":[{"@type":"CommentAction","name":"Comment","target":["https:\/\/www.monbailleur.fr\/offres-emploi\/metiers\/responsable-de-programme#respond"]}]},{"@type":"WebPage","@id":"https:\/\/www.monbailleur.fr\/offres-emploi\/metiers\/responsable-de-programme","url":"https:\/\/www.monbailleur.fr\/offres-emploi\/metiers\/responsable-de-programme","name":"Responsable de programme : missions, formation, offre d'emplois","isPartOf":{"@id":"https:\/\/www.monbailleur.fr\/offres-emploi\/#website"},"primaryImageOfPage":{"@id":"https:\/\/www.monbailleur.fr\/offres-emploi\/metiers\/responsable-de-programme#primaryimage"},"image":{"@id":"https:\/\/www.monbailleur.fr\/offres-emploi\/metiers\/responsable-de-programme#primaryimage"},"thumbnailUrl":"https:\/\/www.monbailleur.fr\/offres-emploi\/wp-content\/uploads\/2023\/06\/Maitrise-douvrage-chantier-construction-1.jpeg","datePublished":"2023-08-01T14:34:14+00:00","dateModified":"2023-08-01T14:34:17+00:00","description":"Tout ce qu'il faut savoir sur le m\u00e9tier de responsable de programme : missions et comp\u00e9tences, formation, salaire et perspectives d'emploi.","breadcrumb":{"@id":"https:\/\/www.monbailleur.fr\/offres-emploi\/metiers\/responsable-de-programme#breadcrumb"},"inLanguage":"fr-FR","potentialAction":[{"@type":"ReadAction","target":["https:\/\/www.monbailleur.fr\/offres-emploi\/metiers\/responsable-de-programme"]}]},{"@type":"ImageObject","inLanguage":"fr-FR","@id":"https:\/\/www.monbailleur.fr\/offres-emploi\/metiers\/responsable-de-programme#primaryimage","url":"https:\/\/www.monbailleur.fr\/offres-emploi\/wp-content\/uploads\/2023\/06\/Maitrise-douvrage-chantier-construction-1.jpeg","contentUrl":"https:\/\/www.monbailleur.fr\/offres-emploi\/wp-content\/uploads\/2023\/06\/Maitrise-douvrage-chantier-construction-1.jpeg","width":1500,"height":1000,"caption":"emploi construction logement social"},{"@type":"BreadcrumbList","@id":"https:\/\/www.monbailleur.fr\/offres-emploi\/metiers\/responsable-de-programme#breadcrumb","itemListElement":[{"@type":"ListItem","position":1,"name":"Accueil","item":"https:\/\/www.monbailleur.fr\/offres-emploi\/"},{"@type":"ListItem","position":2,"name":"Les M\u00e9tiers du Logement Social","item":"https:\/\/www.monbailleur.fr\/offres-emploi\/categorie\/metiers"},{"@type":"ListItem","position":3,"name":"Responsable de programme : missions, comp\u00e9tences et formation"}]},{"@type":"WebSite","@id":"https:\/\/www.monbailleur.fr\/offres-emploi\/#website","url":"https:\/\/www.monbailleur.fr\/offres-emploi\/","name":"Monbailleur.fr - Emploi","description":"Les offres d&#039;emploi du logement social","publisher":{"@id":"https:\/\/www.monbailleur.fr\/offres-emploi\/#organization"},"potentialAction":[{"@type":"SearchAction","target":{"@type":"EntryPoint","urlTemplate":"https:\/\/www.monbailleur.fr\/offres-emploi\/?s={search_term_string}"},"query-input":{"@type":"PropertyValueSpecification","valueRequired":true,"valueName":"search_term_string"}}],"inLanguage":"fr-FR"},{"@type":"Organization","@id":"https:\/\/www.monbailleur.fr\/offres-emploi\/#organization","name":"Monbailleur.fr - Emploi","url":"https:\/\/www.monbailleur.fr\/offres-emploi\/","logo":{"@type":"ImageObject","inLanguage":"fr-FR","@id":"https:\/\/www.monbailleur.fr\/offres-emploi\/#\/schema\/logo\/image\/","url":"https:\/\/www.monbailleur.fr\/offres-emploi\/wp-content\/uploads\/2023\/06\/MonBailleur-1200x675-1.png","contentUrl":"https:\/\/www.monbailleur.fr\/offres-emploi\/wp-content\/uploads\/2023\/06\/MonBailleur-1200x675-1.png","width":1200,"height":675,"caption":"Monbailleur.fr - Emploi"},"image":{"@id":"https:\/\/www.monbailleur.fr\/offres-emploi\/#\/schema\/logo\/image\/"}},{"@type":"Person","@id":"https:\/\/www.monbailleur.fr\/offres-emploi\/#\/schema\/person\/0490927abb4c2d7770e99d7d2e6f009b","name":"Anna De Gouyon Matignon","image":{"@type":"ImageObject","inLanguage":"fr-FR","@id":"https:\/\/www.monbailleur.fr\/offres-emploi\/#\/schema\/person\/image\/","url":"https:\/\/secure.gravatar.com\/avatar\/97a6594b963a1083033e0377d3282146932874af426cfbb94b136e67991a5638?s=96&d=mm&r=g","contentUrl":"https:\/\/secure.gravatar.com\/avatar\/97a6594b963a1083033e0377d3282146932874af426cfbb94b136e67991a5638?s=96&d=mm&r=g","caption":"Anna De Gouyon Matignon"},"url":"https:\/\/www.monbailleur.fr\/offres-emploi\/author\/annadegouyonmatignon"}]}},"jetpack_featured_media_url":"https:\/\/www.monbailleur.fr\/offres-emploi\/wp-content\/uploads\/2023\/06\/Maitrise-douvrage-chantier-construction-1.jpeg","_links":{"self":[{"href":"https:\/\/www.monbailleur.fr\/offres-emploi\/wp-json\/wp\/v2\/posts\/6529","targetHints":{"allow":["GET"]}}],"collection":[{"href":"https:\/\/www.monbailleur.fr\/offres-emploi\/wp-json\/wp\/v2\/posts"}],"about":[{"href":"https:\/\/www.monbailleur.fr\/offres-emploi\/wp-json\/wp\/v2\/types\/post"}],"author":[{"embeddable":true,"href":"https:\/\/www.monbailleur.fr\/offres-emploi\/wp-json\/wp\/v2\/users\/5"}],"replies":[{"embeddable":true,"href":"https:\/\/www.monbailleur.fr\/offres-emploi\/wp-json\/wp\/v2\/comments?post=6529"}],"version-history":[{"count":3,"href":"https:\/\/www.monbailleur.fr\/offres-emploi\/wp-json\/wp\/v2\/posts\/6529\/revisions"}],"predecessor-version":[{"id":7140,"href":"https:\/\/www.monbailleur.fr\/offres-emploi\/wp-json\/wp\/v2\/posts\/6529\/revisions\/7140"}],"wp:featuredmedia":[{"embeddable":true,"href":"https:\/\/www.monbailleur.fr\/offres-emploi\/wp-json\/wp\/v2\/media\/5876"}],"wp:attachment":[{"href":"https:\/\/www.monbailleur.fr\/offres-emploi\/wp-json\/wp\/v2\/media?parent=6529"}],"wp:term":[{"taxonomy":"category","embeddable":true,"href":"https:\/\/www.monbailleur.fr\/offres-emploi\/wp-json\/wp\/v2\/categories?post=6529"},{"taxonomy":"post_tag","embeddable":true,"href":"https:\/\/www.monbailleur.fr\/offres-emploi\/wp-json\/wp\/v2\/tags?post=6529"}],"curies":[{"name":"wp","href":"https:\/\/api.w.org\/{rel}","templated":true}]}}