{"id":6531,"date":"2023-07-28T15:57:14","date_gmt":"2023-07-28T13:57:14","guid":{"rendered":"https:\/\/www.monbailleur.fr\/offres-emploi\/?p=6531"},"modified":"2023-07-28T15:57:16","modified_gmt":"2023-07-28T13:57:16","slug":"action-logement-recrute-gestion-locative","status":"publish","type":"post","link":"https:\/\/www.monbailleur.fr\/offres-emploi\/actu\/action-logement-recrute-gestion-locative","title":{"rendered":"Gestion locative : de nombreuses offres d\u2019emploi chez Action Logement !"},"content":{"rendered":"\n\n<div class=\"kk-star-ratings kksr-auto kksr-align-left kksr-valign-top\"\n    data-payload='{&quot;align&quot;:&quot;left&quot;,&quot;id&quot;:&quot;6531&quot;,&quot;slug&quot;:&quot;default&quot;,&quot;valign&quot;:&quot;top&quot;,&quot;ignore&quot;:&quot;&quot;,&quot;reference&quot;:&quot;auto&quot;,&quot;class&quot;:&quot;&quot;,&quot;count&quot;:&quot;1&quot;,&quot;legendonly&quot;:&quot;&quot;,&quot;readonly&quot;:&quot;&quot;,&quot;score&quot;:&quot;4&quot;,&quot;starsonly&quot;:&quot;&quot;,&quot;best&quot;:&quot;5&quot;,&quot;gap&quot;:&quot;5&quot;,&quot;greet&quot;:&quot;&quot;,&quot;legend&quot;:&quot;4\\\/5 - (1 vote)&quot;,&quot;size&quot;:&quot;24&quot;,&quot;title&quot;:&quot;Gestion locative : de nombreuses offres d\u2019emploi chez Action Logement !&quot;,&quot;width&quot;:&quot;113.5&quot;,&quot;_legend&quot;:&quot;{score}\\\/{best} - ({count} {votes})&quot;,&quot;font_factor&quot;:&quot;1.25&quot;}'>\n            \n<div class=\"kksr-stars\">\n    \n<div class=\"kksr-stars-inactive\">\n            <div class=\"kksr-star\" data-star=\"1\" style=\"padding-right: 5px\">\n            \n\n<div class=\"kksr-icon\" style=\"width: 24px; height: 24px;\"><\/div>\n        <\/div>\n            <div class=\"kksr-star\" data-star=\"2\" style=\"padding-right: 5px\">\n            \n\n<div class=\"kksr-icon\" style=\"width: 24px; height: 24px;\"><\/div>\n        <\/div>\n            <div class=\"kksr-star\" data-star=\"3\" style=\"padding-right: 5px\">\n            \n\n<div class=\"kksr-icon\" style=\"width: 24px; height: 24px;\"><\/div>\n        <\/div>\n            <div class=\"kksr-star\" data-star=\"4\" style=\"padding-right: 5px\">\n            \n\n<div class=\"kksr-icon\" style=\"width: 24px; height: 24px;\"><\/div>\n        <\/div>\n            <div class=\"kksr-star\" data-star=\"5\" style=\"padding-right: 5px\">\n            \n\n<div class=\"kksr-icon\" style=\"width: 24px; height: 24px;\"><\/div>\n        <\/div>\n    <\/div>\n    \n<div class=\"kksr-stars-active\" style=\"width: 113.5px;\">\n            <div class=\"kksr-star\" style=\"padding-right: 5px\">\n            \n\n<div class=\"kksr-icon\" style=\"width: 24px; height: 24px;\"><\/div>\n        <\/div>\n            <div class=\"kksr-star\" style=\"padding-right: 5px\">\n            \n\n<div class=\"kksr-icon\" style=\"width: 24px; height: 24px;\"><\/div>\n        <\/div>\n            <div class=\"kksr-star\" style=\"padding-right: 5px\">\n            \n\n<div class=\"kksr-icon\" style=\"width: 24px; height: 24px;\"><\/div>\n        <\/div>\n            <div class=\"kksr-star\" style=\"padding-right: 5px\">\n            \n\n<div class=\"kksr-icon\" style=\"width: 24px; height: 24px;\"><\/div>\n        <\/div>\n            <div class=\"kksr-star\" style=\"padding-right: 5px\">\n            \n\n<div class=\"kksr-icon\" style=\"width: 24px; height: 24px;\"><\/div>\n        <\/div>\n    <\/div>\n<\/div>\n                \n\n<div class=\"kksr-legend\" style=\"font-size: 19.2px;\">\n            4\/5 - (1 vote)    <\/div>\n    <\/div>\n<p class=\"wp-block-paragraph\">Acteur majeur du logement social et interm\u00e9diaire en France, <strong>Action Logement<\/strong> recrute r\u00e9guli\u00e8rement de nouveaux collaborateurs. Le groupe propose en ce moment plusieurs <strong>offres d\u2019emploi<\/strong> dans le secteur de la <strong>gestion locative<\/strong>, pour plusieurs de ses filiales et partout en France.<\/p><!--more--><h2 class=\"wp-block-heading\" id=\"h-rejoindre-un-groupe-d-utilite-sociale-engage-et-solidaire\">Rejoindre un groupe d\u2019utilit\u00e9 sociale, engag\u00e9 et solidaire<\/h2><p class=\"wp-block-paragraph\">Depuis 70 ans, <a href=\"https:\/\/groupe.actionlogement.fr\/\" target=\"_blank\" rel=\"noreferrer noopener\">Action Logement<\/a> facilite l\u2019acc\u00e8s au logement pour favoriser l\u2019emploi. R\u00e9unissant 45 ESH (Entreprises Sociales pour l\u2019Habitat) et 5 filiales sp\u00e9cialis\u00e9es dans les logements interm\u00e9diaires, le groupe g\u00e8re aujourd\u2019hui un patrimoine de plus d\u2019un million de logements. Implant\u00e9s sur l\u2019ensemble du territoire, ses 20 000 collaborateurs \u0153uvrent chaque jour pour le d\u00e9veloppement du logement social et interm\u00e9diaire en France. Ils accompagnent \u00e9galement les salari\u00e9s dans leur mobilit\u00e9 r\u00e9sidentielle et professionnelle, en proposant des aides et des services qui facilitent l\u2019acc\u00e8s au logement.<\/p><p class=\"wp-block-paragraph\">Travailler pour Action Logement permet de rejoindre un <strong>groupe reconnu d\u2019utilit\u00e9 sociale<\/strong>, pour agir utilement au c\u0153ur de l\u2019\u00e9conomie sociale et solidaire. Chaque ann\u00e9e, le groupe d\u00e9livre 700 000 aides et services, et attribue plus de 100 000 logements.\u00a0<\/p><p class=\"wp-block-paragraph\">Mobilit\u00e9 fonctionnelle et g\u00e9ographique, formations en e-learning ou en pr\u00e9sentiel\u2026 Action Logement offre \u00e9galement de belles <strong>perspectives d\u2019\u00e9volution<\/strong> \u00e0 ses collaborateurs. Engag\u00e9es sur les questions d\u2019\u00e9galit\u00e9 des chances, de diversit\u00e9 et d\u2019inclusion, les filiales du groupe d\u00e9veloppent aussi une politique exigeante en mati\u00e8re de sant\u00e9, de s\u00e9curit\u00e9 et de qualit\u00e9 de vie au travail.\u00a0<\/p><div class=\"wp-block-image\"><figure class=\"aligncenter size-full\"><img decoding=\"async\" width=\"730\" height=\"440\" src=\"https:\/\/www.monbailleur.fr\/offres-emploi\/wp-content\/uploads\/2023\/07\/trouver-un-logement-mdv.png\" alt=\"fa\u00e7ade d'un immeuble de logements sociaux, par Action Logement\" class=\"wp-image-6534\" srcset=\"https:\/\/www.monbailleur.fr\/offres-emploi\/wp-content\/uploads\/2023\/07\/trouver-un-logement-mdv.png 730w, https:\/\/www.monbailleur.fr\/offres-emploi\/wp-content\/uploads\/2023\/07\/trouver-un-logement-mdv-300x181.png 300w, https:\/\/www.monbailleur.fr\/offres-emploi\/wp-content\/uploads\/2023\/07\/trouver-un-logement-mdv-600x362.png 600w\" sizes=\"(max-width: 730px) 100vw, 730px\" \/><figcaption class=\"wp-element-caption\">Logements sociaux &#8211; Action Logement<\/figcaption><\/figure><\/div><p class=\"wp-block-paragraph\">Rejoindre les \u00e9quipes du groupe permet enfin d\u2019int\u00e9grer une entreprise investie dans la transition \u00e9cologique, qui met tout en \u0153uvre pour soutenir un habitat durable et des modes de vie vertueux. Action Logement livre chaque ann\u00e9e <strong>50 000 logements durables<\/strong>, et en r\u00e9nove 30 000 autres.<\/p><h2 class=\"wp-block-heading\">De nombreuses offres d\u2019emploi dans la gestion locative&nbsp;<\/h2><p class=\"wp-block-paragraph\">Conseiller social, gardien d\u2019immeuble, responsable de programme, auditeur ou comptable\u2026 Premier producteur de logement social en France, le groupe recrute r\u00e9guli\u00e8rement de nouveaux collaborateurs, pour tous les <strong>m\u00e9tiers du service et de l\u2019immobilier<\/strong>, et dans tous les d\u00e9partements. Il propose actuellement une cinquantaine d\u2019offres d\u2019emploi dans le secteur de la gestion locative.<\/p><p class=\"wp-block-paragraph\">Pour continuer \u00e0 garantir un accompagnement et des services de qualit\u00e9 \u00e0 ses locataires, Action Logement recrute r\u00e9guli\u00e8rement sur ces m\u00e9tiers de proximit\u00e9. Gestion des r\u00e9sidences et entretien des b\u00e2timents, suivi administratif des dossiers et attribution des logements\u2026 Charg\u00e9s de nombreuses missions, les professionnels de la <strong>gestion locative<\/strong> sont les garants du confort, de la tranquillit\u00e9 et de la qualit\u00e9 de vie des locataires du bailleur.\u00a0<\/p><p class=\"wp-block-paragraph\">Parmi les offres d\u2019emploi diffus\u00e9es actuellement, Action Logement propose par exemple des postes en alternance, en CDD ou CDI, pour les m\u00e9tiers de :<\/p><ul class=\"wp-block-list\"><li><a href=\"https:\/\/actionlogement-recrute.talent-soft.com\/offre-de-emploi\/emploi-conseiller-logement-personnalise-h-f_10136.aspx\" target=\"_blank\" rel=\"noreferrer noopener\">conseiller logement personnalis\u00e9<\/a> : il optimise l\u2019acc\u00e8s au service locatif, en collaboration avec d\u2019autres intervenants ;<\/li>\n\n<li><a href=\"https:\/\/actionlogement-recrute.talent-soft.com\/offre-de-emploi\/emploi-charge-e-de-gestion-locative-confirme-e-h-f_10187.aspx\" target=\"_blank\" rel=\"noreferrer noopener\">charg\u00e9 de gestion locative<\/a> : il met \u00e0 jour la base de donn\u00e9es patrimoine, et accompagne les autres professionnels de la gestion locative ;<\/li>\n\n<li><a href=\"https:\/\/actionlogement-recrute.talent-soft.com\/offre-de-emploi\/emploi-conseiller-locatif-annecy-h-f_10593.aspx\" target=\"_blank\" rel=\"noreferrer noopener\">conseiller locatif<\/a> : il assure la gestion et le suivi des offres locatives, optimise le placement des offres et analyse les demandes de logement.<\/li><\/ul><div class=\"wp-block-image\"><figure class=\"aligncenter size-full\"><img decoding=\"async\" width=\"508\" height=\"690\" src=\"https:\/\/www.monbailleur.fr\/offres-emploi\/wp-content\/uploads\/2023\/07\/Capture-decran-2023-07-12-a-15.10.07.png\" alt=\"campagne de recrutement chez Action Logement\" class=\"wp-image-6533\" srcset=\"https:\/\/www.monbailleur.fr\/offres-emploi\/wp-content\/uploads\/2023\/07\/Capture-decran-2023-07-12-a-15.10.07.png 508w, https:\/\/www.monbailleur.fr\/offres-emploi\/wp-content\/uploads\/2023\/07\/Capture-decran-2023-07-12-a-15.10.07-221x300.png 221w\" sizes=\"(max-width: 508px) 100vw, 508px\" \/><figcaption class=\"wp-element-caption\">Travailler chez Action Logement &#8211; Gestion sociale<\/figcaption><\/figure><\/div><p class=\"wp-block-paragraph\">Pour postuler, rendez-vous sur le <a href=\"https:\/\/actionlogement-recrute.talent-soft.com\/offre-de-emploi\/liste-offres.aspx?page=2&amp;LCID=1036\" target=\"_blank\" rel=\"noreferrer noopener\">moteur de recherche d\u2019Action Logement<\/a>. Vous pouvez aussi retrouver toutes les <a href=\"https:\/\/www.monbailleur.fr\/offres-emploi\/\">offres d\u2019emploi<\/a> des bailleurs sociaux sur notre site MonBailleur.fr dans la cat\u00e9gorie \u00ab\u00a0Offres d\u2019Emploi\u00a0\u00bb.\u00a0<\/p>","protected":false},"excerpt":{"rendered":"<p>Acteur majeur du logement social et interm\u00e9diaire en France, Action Logement recrute r\u00e9guli\u00e8rement de nouveaux collaborateurs. Le groupe propose en ce moment plusieurs offres d\u2019emploi dans le secteur de la gestion locative, pour plusieurs de ses filiales et partout en France.<\/p>\n","protected":false},"author":5,"featured_media":6532,"comment_status":"open","ping_status":"open","sticky":false,"template":"","format":"standard","meta":{"footnotes":""},"categories":[75],"tags":[],"class_list":["post-6531","post","type-post","status-publish","format-standard","has-post-thumbnail","hentry","category-actu"],"yoast_head":"<!-- This site is optimized with the Yoast SEO Premium plugin v22.4 (Yoast SEO v25.1) - https:\/\/yoast.com\/wordpress\/plugins\/seo\/ -->\n<title>Gestion locative : des offres d\u2019emploi chez Action Logement !<\/title>\n<meta name=\"description\" content=\"Action Logement recrute r\u00e9guli\u00e8rement. Le groupe propose en ce moment plusieurs offres d\u2019emploi dans le secteur de la gestion locative.\" \/>\n<meta name=\"robots\" content=\"index, follow, max-snippet:-1, max-image-preview:large, max-video-preview:-1\" \/>\n<link rel=\"canonical\" href=\"https:\/\/www.monbailleur.fr\/offres-emploi\/actu\/action-logement-recrute-gestion-locative\" \/>\n<meta property=\"og:locale\" content=\"fr_FR\" \/>\n<meta property=\"og:type\" content=\"article\" \/>\n<meta property=\"og:title\" content=\"Gestion locative : de nombreuses offres d\u2019emploi chez Action Logement !\" \/>\n<meta property=\"og:description\" content=\"Action Logement recrute r\u00e9guli\u00e8rement. Le groupe propose en ce moment plusieurs offres d\u2019emploi dans le secteur de la gestion locative.\" \/>\n<meta property=\"og:url\" content=\"https:\/\/www.monbailleur.fr\/offres-emploi\/actu\/action-logement-recrute-gestion-locative\" \/>\n<meta property=\"og:site_name\" content=\"Monbailleur.fr - Emploi\" \/>\n<meta property=\"article:published_time\" content=\"2023-07-28T13:57:14+00:00\" \/>\n<meta property=\"article:modified_time\" content=\"2023-07-28T13:57:16+00:00\" \/>\n<meta property=\"og:image\" content=\"https:\/\/www.monbailleur.fr\/offres-emploi\/wp-content\/uploads\/2023\/07\/action-logement-logo-corenacces-e1578304707740.png\" \/>\n\t<meta property=\"og:image:width\" content=\"2702\" \/>\n\t<meta property=\"og:image:height\" content=\"657\" \/>\n\t<meta property=\"og:image:type\" content=\"image\/png\" \/>\n<meta name=\"author\" content=\"Anna De Gouyon Matignon\" \/>\n<meta name=\"twitter:card\" content=\"summary_large_image\" \/>\n<meta name=\"twitter:label1\" content=\"\u00c9crit par\" \/>\n\t<meta name=\"twitter:data1\" content=\"Anna De Gouyon Matignon\" \/>\n\t<meta name=\"twitter:label2\" content=\"Dur\u00e9e de lecture estim\u00e9e\" \/>\n\t<meta name=\"twitter:data2\" content=\"4 minutes\" \/>\n<script type=\"application\/ld+json\" class=\"yoast-schema-graph\">{\"@context\":\"https:\/\/schema.org\",\"@graph\":[{\"@type\":\"Article\",\"@id\":\"https:\/\/www.monbailleur.fr\/offres-emploi\/actu\/action-logement-recrute-gestion-locative#article\",\"isPartOf\":{\"@id\":\"https:\/\/www.monbailleur.fr\/offres-emploi\/actu\/action-logement-recrute-gestion-locative\"},\"author\":{\"name\":\"Anna De Gouyon Matignon\",\"@id\":\"https:\/\/www.monbailleur.fr\/offres-emploi\/#\/schema\/person\/0490927abb4c2d7770e99d7d2e6f009b\"},\"headline\":\"Gestion locative : de nombreuses offres d\u2019emploi chez Action Logement !\",\"datePublished\":\"2023-07-28T13:57:14+00:00\",\"dateModified\":\"2023-07-28T13:57:16+00:00\",\"mainEntityOfPage\":{\"@id\":\"https:\/\/www.monbailleur.fr\/offres-emploi\/actu\/action-logement-recrute-gestion-locative\"},\"wordCount\":585,\"commentCount\":0,\"publisher\":{\"@id\":\"https:\/\/www.monbailleur.fr\/offres-emploi\/#organization\"},\"image\":{\"@id\":\"https:\/\/www.monbailleur.fr\/offres-emploi\/actu\/action-logement-recrute-gestion-locative#primaryimage\"},\"thumbnailUrl\":\"https:\/\/www.monbailleur.fr\/offres-emploi\/wp-content\/uploads\/2023\/07\/action-logement-logo-corenacces-e1578304707740.png\",\"articleSection\":[\"Actualit\u00e9s du recrutement\"],\"inLanguage\":\"fr-FR\",\"potentialAction\":[{\"@type\":\"CommentAction\",\"name\":\"Comment\",\"target\":[\"https:\/\/www.monbailleur.fr\/offres-emploi\/actu\/action-logement-recrute-gestion-locative#respond\"]}]},{\"@type\":\"WebPage\",\"@id\":\"https:\/\/www.monbailleur.fr\/offres-emploi\/actu\/action-logement-recrute-gestion-locative\",\"url\":\"https:\/\/www.monbailleur.fr\/offres-emploi\/actu\/action-logement-recrute-gestion-locative\",\"name\":\"Gestion locative : des offres d\u2019emploi chez Action Logement !\",\"isPartOf\":{\"@id\":\"https:\/\/www.monbailleur.fr\/offres-emploi\/#website\"},\"primaryImageOfPage\":{\"@id\":\"https:\/\/www.monbailleur.fr\/offres-emploi\/actu\/action-logement-recrute-gestion-locative#primaryimage\"},\"image\":{\"@id\":\"https:\/\/www.monbailleur.fr\/offres-emploi\/actu\/action-logement-recrute-gestion-locative#primaryimage\"},\"thumbnailUrl\":\"https:\/\/www.monbailleur.fr\/offres-emploi\/wp-content\/uploads\/2023\/07\/action-logement-logo-corenacces-e1578304707740.png\",\"datePublished\":\"2023-07-28T13:57:14+00:00\",\"dateModified\":\"2023-07-28T13:57:16+00:00\",\"description\":\"Action Logement recrute r\u00e9guli\u00e8rement. Le groupe propose en ce moment plusieurs offres d\u2019emploi dans le secteur de la gestion locative.\",\"breadcrumb\":{\"@id\":\"https:\/\/www.monbailleur.fr\/offres-emploi\/actu\/action-logement-recrute-gestion-locative#breadcrumb\"},\"inLanguage\":\"fr-FR\",\"potentialAction\":[{\"@type\":\"ReadAction\",\"target\":[\"https:\/\/www.monbailleur.fr\/offres-emploi\/actu\/action-logement-recrute-gestion-locative\"]}]},{\"@type\":\"ImageObject\",\"inLanguage\":\"fr-FR\",\"@id\":\"https:\/\/www.monbailleur.fr\/offres-emploi\/actu\/action-logement-recrute-gestion-locative#primaryimage\",\"url\":\"https:\/\/www.monbailleur.fr\/offres-emploi\/wp-content\/uploads\/2023\/07\/action-logement-logo-corenacces-e1578304707740.png\",\"contentUrl\":\"https:\/\/www.monbailleur.fr\/offres-emploi\/wp-content\/uploads\/2023\/07\/action-logement-logo-corenacces-e1578304707740.png\",\"width\":2702,\"height\":657,\"caption\":\"Action Logement\"},{\"@type\":\"BreadcrumbList\",\"@id\":\"https:\/\/www.monbailleur.fr\/offres-emploi\/actu\/action-logement-recrute-gestion-locative#breadcrumb\",\"itemListElement\":[{\"@type\":\"ListItem\",\"position\":1,\"name\":\"Accueil\",\"item\":\"https:\/\/www.monbailleur.fr\/offres-emploi\/\"},{\"@type\":\"ListItem\",\"position\":2,\"name\":\"Actualit\u00e9s du recrutement\",\"item\":\"https:\/\/www.monbailleur.fr\/offres-emploi\/categorie\/actu\"},{\"@type\":\"ListItem\",\"position\":3,\"name\":\"Gestion locative : de nombreuses offres d\u2019emploi chez Action Logement !\"}]},{\"@type\":\"WebSite\",\"@id\":\"https:\/\/www.monbailleur.fr\/offres-emploi\/#website\",\"url\":\"https:\/\/www.monbailleur.fr\/offres-emploi\/\",\"name\":\"Monbailleur.fr - Emploi\",\"description\":\"Les offres d&#039;emploi du logement social\",\"publisher\":{\"@id\":\"https:\/\/www.monbailleur.fr\/offres-emploi\/#organization\"},\"potentialAction\":[{\"@type\":\"SearchAction\",\"target\":{\"@type\":\"EntryPoint\",\"urlTemplate\":\"https:\/\/www.monbailleur.fr\/offres-emploi\/?s={search_term_string}\"},\"query-input\":{\"@type\":\"PropertyValueSpecification\",\"valueRequired\":true,\"valueName\":\"search_term_string\"}}],\"inLanguage\":\"fr-FR\"},{\"@type\":\"Organization\",\"@id\":\"https:\/\/www.monbailleur.fr\/offres-emploi\/#organization\",\"name\":\"Monbailleur.fr - Emploi\",\"url\":\"https:\/\/www.monbailleur.fr\/offres-emploi\/\",\"logo\":{\"@type\":\"ImageObject\",\"inLanguage\":\"fr-FR\",\"@id\":\"https:\/\/www.monbailleur.fr\/offres-emploi\/#\/schema\/logo\/image\/\",\"url\":\"https:\/\/www.monbailleur.fr\/offres-emploi\/wp-content\/uploads\/2023\/06\/MonBailleur-1200x675-1.png\",\"contentUrl\":\"https:\/\/www.monbailleur.fr\/offres-emploi\/wp-content\/uploads\/2023\/06\/MonBailleur-1200x675-1.png\",\"width\":1200,\"height\":675,\"caption\":\"Monbailleur.fr - Emploi\"},\"image\":{\"@id\":\"https:\/\/www.monbailleur.fr\/offres-emploi\/#\/schema\/logo\/image\/\"}},{\"@type\":\"Person\",\"@id\":\"https:\/\/www.monbailleur.fr\/offres-emploi\/#\/schema\/person\/0490927abb4c2d7770e99d7d2e6f009b\",\"name\":\"Anna De Gouyon Matignon\",\"image\":{\"@type\":\"ImageObject\",\"inLanguage\":\"fr-FR\",\"@id\":\"https:\/\/www.monbailleur.fr\/offres-emploi\/#\/schema\/person\/image\/\",\"url\":\"https:\/\/secure.gravatar.com\/avatar\/97a6594b963a1083033e0377d3282146932874af426cfbb94b136e67991a5638?s=96&d=mm&r=g\",\"contentUrl\":\"https:\/\/secure.gravatar.com\/avatar\/97a6594b963a1083033e0377d3282146932874af426cfbb94b136e67991a5638?s=96&d=mm&r=g\",\"caption\":\"Anna De Gouyon Matignon\"},\"url\":\"https:\/\/www.monbailleur.fr\/offres-emploi\/author\/annadegouyonmatignon\"}]}<\/script>\n<!-- \/ Yoast SEO Premium plugin. -->","yoast_head_json":{"title":"Gestion locative : des offres d\u2019emploi chez Action Logement !","description":"Action Logement recrute r\u00e9guli\u00e8rement. Le groupe propose en ce moment plusieurs offres d\u2019emploi dans le secteur de la gestion locative.","robots":{"index":"index","follow":"follow","max-snippet":"max-snippet:-1","max-image-preview":"max-image-preview:large","max-video-preview":"max-video-preview:-1"},"canonical":"https:\/\/www.monbailleur.fr\/offres-emploi\/actu\/action-logement-recrute-gestion-locative","og_locale":"fr_FR","og_type":"article","og_title":"Gestion locative : de nombreuses offres d\u2019emploi chez Action Logement !","og_description":"Action Logement recrute r\u00e9guli\u00e8rement. Le groupe propose en ce moment plusieurs offres d\u2019emploi dans le secteur de la gestion locative.","og_url":"https:\/\/www.monbailleur.fr\/offres-emploi\/actu\/action-logement-recrute-gestion-locative","og_site_name":"Monbailleur.fr - Emploi","article_published_time":"2023-07-28T13:57:14+00:00","article_modified_time":"2023-07-28T13:57:16+00:00","og_image":[{"width":2702,"height":657,"url":"https:\/\/www.monbailleur.fr\/offres-emploi\/wp-content\/uploads\/2023\/07\/action-logement-logo-corenacces-e1578304707740.png","type":"image\/png"}],"author":"Anna De Gouyon Matignon","twitter_card":"summary_large_image","twitter_misc":{"\u00c9crit par":"Anna De Gouyon Matignon","Dur\u00e9e de lecture estim\u00e9e":"4 minutes"},"schema":{"@context":"https:\/\/schema.org","@graph":[{"@type":"Article","@id":"https:\/\/www.monbailleur.fr\/offres-emploi\/actu\/action-logement-recrute-gestion-locative#article","isPartOf":{"@id":"https:\/\/www.monbailleur.fr\/offres-emploi\/actu\/action-logement-recrute-gestion-locative"},"author":{"name":"Anna De Gouyon Matignon","@id":"https:\/\/www.monbailleur.fr\/offres-emploi\/#\/schema\/person\/0490927abb4c2d7770e99d7d2e6f009b"},"headline":"Gestion locative : de nombreuses offres d\u2019emploi chez Action Logement !","datePublished":"2023-07-28T13:57:14+00:00","dateModified":"2023-07-28T13:57:16+00:00","mainEntityOfPage":{"@id":"https:\/\/www.monbailleur.fr\/offres-emploi\/actu\/action-logement-recrute-gestion-locative"},"wordCount":585,"commentCount":0,"publisher":{"@id":"https:\/\/www.monbailleur.fr\/offres-emploi\/#organization"},"image":{"@id":"https:\/\/www.monbailleur.fr\/offres-emploi\/actu\/action-logement-recrute-gestion-locative#primaryimage"},"thumbnailUrl":"https:\/\/www.monbailleur.fr\/offres-emploi\/wp-content\/uploads\/2023\/07\/action-logement-logo-corenacces-e1578304707740.png","articleSection":["Actualit\u00e9s du recrutement"],"inLanguage":"fr-FR","potentialAction":[{"@type":"CommentAction","name":"Comment","target":["https:\/\/www.monbailleur.fr\/offres-emploi\/actu\/action-logement-recrute-gestion-locative#respond"]}]},{"@type":"WebPage","@id":"https:\/\/www.monbailleur.fr\/offres-emploi\/actu\/action-logement-recrute-gestion-locative","url":"https:\/\/www.monbailleur.fr\/offres-emploi\/actu\/action-logement-recrute-gestion-locative","name":"Gestion locative : des offres d\u2019emploi chez Action Logement !","isPartOf":{"@id":"https:\/\/www.monbailleur.fr\/offres-emploi\/#website"},"primaryImageOfPage":{"@id":"https:\/\/www.monbailleur.fr\/offres-emploi\/actu\/action-logement-recrute-gestion-locative#primaryimage"},"image":{"@id":"https:\/\/www.monbailleur.fr\/offres-emploi\/actu\/action-logement-recrute-gestion-locative#primaryimage"},"thumbnailUrl":"https:\/\/www.monbailleur.fr\/offres-emploi\/wp-content\/uploads\/2023\/07\/action-logement-logo-corenacces-e1578304707740.png","datePublished":"2023-07-28T13:57:14+00:00","dateModified":"2023-07-28T13:57:16+00:00","description":"Action Logement recrute r\u00e9guli\u00e8rement. Le groupe propose en ce moment plusieurs offres d\u2019emploi dans le secteur de la gestion locative.","breadcrumb":{"@id":"https:\/\/www.monbailleur.fr\/offres-emploi\/actu\/action-logement-recrute-gestion-locative#breadcrumb"},"inLanguage":"fr-FR","potentialAction":[{"@type":"ReadAction","target":["https:\/\/www.monbailleur.fr\/offres-emploi\/actu\/action-logement-recrute-gestion-locative"]}]},{"@type":"ImageObject","inLanguage":"fr-FR","@id":"https:\/\/www.monbailleur.fr\/offres-emploi\/actu\/action-logement-recrute-gestion-locative#primaryimage","url":"https:\/\/www.monbailleur.fr\/offres-emploi\/wp-content\/uploads\/2023\/07\/action-logement-logo-corenacces-e1578304707740.png","contentUrl":"https:\/\/www.monbailleur.fr\/offres-emploi\/wp-content\/uploads\/2023\/07\/action-logement-logo-corenacces-e1578304707740.png","width":2702,"height":657,"caption":"Action Logement"},{"@type":"BreadcrumbList","@id":"https:\/\/www.monbailleur.fr\/offres-emploi\/actu\/action-logement-recrute-gestion-locative#breadcrumb","itemListElement":[{"@type":"ListItem","position":1,"name":"Accueil","item":"https:\/\/www.monbailleur.fr\/offres-emploi\/"},{"@type":"ListItem","position":2,"name":"Actualit\u00e9s du recrutement","item":"https:\/\/www.monbailleur.fr\/offres-emploi\/categorie\/actu"},{"@type":"ListItem","position":3,"name":"Gestion locative : de nombreuses offres d\u2019emploi chez Action Logement !"}]},{"@type":"WebSite","@id":"https:\/\/www.monbailleur.fr\/offres-emploi\/#website","url":"https:\/\/www.monbailleur.fr\/offres-emploi\/","name":"Monbailleur.fr - Emploi","description":"Les offres d&#039;emploi du logement social","publisher":{"@id":"https:\/\/www.monbailleur.fr\/offres-emploi\/#organization"},"potentialAction":[{"@type":"SearchAction","target":{"@type":"EntryPoint","urlTemplate":"https:\/\/www.monbailleur.fr\/offres-emploi\/?s={search_term_string}"},"query-input":{"@type":"PropertyValueSpecification","valueRequired":true,"valueName":"search_term_string"}}],"inLanguage":"fr-FR"},{"@type":"Organization","@id":"https:\/\/www.monbailleur.fr\/offres-emploi\/#organization","name":"Monbailleur.fr - Emploi","url":"https:\/\/www.monbailleur.fr\/offres-emploi\/","logo":{"@type":"ImageObject","inLanguage":"fr-FR","@id":"https:\/\/www.monbailleur.fr\/offres-emploi\/#\/schema\/logo\/image\/","url":"https:\/\/www.monbailleur.fr\/offres-emploi\/wp-content\/uploads\/2023\/06\/MonBailleur-1200x675-1.png","contentUrl":"https:\/\/www.monbailleur.fr\/offres-emploi\/wp-content\/uploads\/2023\/06\/MonBailleur-1200x675-1.png","width":1200,"height":675,"caption":"Monbailleur.fr - Emploi"},"image":{"@id":"https:\/\/www.monbailleur.fr\/offres-emploi\/#\/schema\/logo\/image\/"}},{"@type":"Person","@id":"https:\/\/www.monbailleur.fr\/offres-emploi\/#\/schema\/person\/0490927abb4c2d7770e99d7d2e6f009b","name":"Anna De Gouyon Matignon","image":{"@type":"ImageObject","inLanguage":"fr-FR","@id":"https:\/\/www.monbailleur.fr\/offres-emploi\/#\/schema\/person\/image\/","url":"https:\/\/secure.gravatar.com\/avatar\/97a6594b963a1083033e0377d3282146932874af426cfbb94b136e67991a5638?s=96&d=mm&r=g","contentUrl":"https:\/\/secure.gravatar.com\/avatar\/97a6594b963a1083033e0377d3282146932874af426cfbb94b136e67991a5638?s=96&d=mm&r=g","caption":"Anna De Gouyon Matignon"},"url":"https:\/\/www.monbailleur.fr\/offres-emploi\/author\/annadegouyonmatignon"}]}},"jetpack_featured_media_url":"https:\/\/www.monbailleur.fr\/offres-emploi\/wp-content\/uploads\/2023\/07\/action-logement-logo-corenacces-e1578304707740.png","_links":{"self":[{"href":"https:\/\/www.monbailleur.fr\/offres-emploi\/wp-json\/wp\/v2\/posts\/6531","targetHints":{"allow":["GET"]}}],"collection":[{"href":"https:\/\/www.monbailleur.fr\/offres-emploi\/wp-json\/wp\/v2\/posts"}],"about":[{"href":"https:\/\/www.monbailleur.fr\/offres-emploi\/wp-json\/wp\/v2\/types\/post"}],"author":[{"embeddable":true,"href":"https:\/\/www.monbailleur.fr\/offres-emploi\/wp-json\/wp\/v2\/users\/5"}],"replies":[{"embeddable":true,"href":"https:\/\/www.monbailleur.fr\/offres-emploi\/wp-json\/wp\/v2\/comments?post=6531"}],"version-history":[{"count":2,"href":"https:\/\/www.monbailleur.fr\/offres-emploi\/wp-json\/wp\/v2\/posts\/6531\/revisions"}],"predecessor-version":[{"id":7059,"href":"https:\/\/www.monbailleur.fr\/offres-emploi\/wp-json\/wp\/v2\/posts\/6531\/revisions\/7059"}],"wp:featuredmedia":[{"embeddable":true,"href":"https:\/\/www.monbailleur.fr\/offres-emploi\/wp-json\/wp\/v2\/media\/6532"}],"wp:attachment":[{"href":"https:\/\/www.monbailleur.fr\/offres-emploi\/wp-json\/wp\/v2\/media?parent=6531"}],"wp:term":[{"taxonomy":"category","embeddable":true,"href":"https:\/\/www.monbailleur.fr\/offres-emploi\/wp-json\/wp\/v2\/categories?post=6531"},{"taxonomy":"post_tag","embeddable":true,"href":"https:\/\/www.monbailleur.fr\/offres-emploi\/wp-json\/wp\/v2\/tags?post=6531"}],"curies":[{"name":"wp","href":"https:\/\/api.w.org\/{rel}","templated":true}]}}