{"id":6570,"date":"2023-07-28T16:04:04","date_gmt":"2023-07-28T14:04:04","guid":{"rendered":"https:\/\/www.monbailleur.fr\/offres-emploi\/?p=6570"},"modified":"2023-07-28T16:04:07","modified_gmt":"2023-07-28T14:04:07","slug":"vilogia-recrute-responsable-de-programme","status":"publish","type":"post","link":"https:\/\/www.monbailleur.fr\/offres-emploi\/actu\/vilogia-recrute-responsable-de-programme","title":{"rendered":"Vilogia recrute des responsables de programme"},"content":{"rendered":"\n\n<div class=\"kk-star-ratings kksr-auto kksr-align-left kksr-valign-top\"\n    data-payload='{&quot;align&quot;:&quot;left&quot;,&quot;id&quot;:&quot;6570&quot;,&quot;slug&quot;:&quot;default&quot;,&quot;valign&quot;:&quot;top&quot;,&quot;ignore&quot;:&quot;&quot;,&quot;reference&quot;:&quot;auto&quot;,&quot;class&quot;:&quot;&quot;,&quot;count&quot;:&quot;1&quot;,&quot;legendonly&quot;:&quot;&quot;,&quot;readonly&quot;:&quot;&quot;,&quot;score&quot;:&quot;4&quot;,&quot;starsonly&quot;:&quot;&quot;,&quot;best&quot;:&quot;5&quot;,&quot;gap&quot;:&quot;5&quot;,&quot;greet&quot;:&quot;&quot;,&quot;legend&quot;:&quot;4\\\/5 - (1 vote)&quot;,&quot;size&quot;:&quot;24&quot;,&quot;title&quot;:&quot;Vilogia recrute des responsables de programme&quot;,&quot;width&quot;:&quot;113.5&quot;,&quot;_legend&quot;:&quot;{score}\\\/{best} - ({count} {votes})&quot;,&quot;font_factor&quot;:&quot;1.25&quot;}'>\n            \n<div class=\"kksr-stars\">\n    \n<div class=\"kksr-stars-inactive\">\n            <div class=\"kksr-star\" data-star=\"1\" style=\"padding-right: 5px\">\n            \n\n<div class=\"kksr-icon\" style=\"width: 24px; height: 24px;\"><\/div>\n        <\/div>\n            <div class=\"kksr-star\" data-star=\"2\" style=\"padding-right: 5px\">\n            \n\n<div class=\"kksr-icon\" style=\"width: 24px; height: 24px;\"><\/div>\n        <\/div>\n            <div class=\"kksr-star\" data-star=\"3\" style=\"padding-right: 5px\">\n            \n\n<div class=\"kksr-icon\" style=\"width: 24px; height: 24px;\"><\/div>\n        <\/div>\n            <div class=\"kksr-star\" data-star=\"4\" style=\"padding-right: 5px\">\n            \n\n<div class=\"kksr-icon\" style=\"width: 24px; height: 24px;\"><\/div>\n        <\/div>\n            <div class=\"kksr-star\" data-star=\"5\" style=\"padding-right: 5px\">\n            \n\n<div class=\"kksr-icon\" style=\"width: 24px; height: 24px;\"><\/div>\n        <\/div>\n    <\/div>\n    \n<div class=\"kksr-stars-active\" style=\"width: 113.5px;\">\n            <div class=\"kksr-star\" style=\"padding-right: 5px\">\n            \n\n<div class=\"kksr-icon\" style=\"width: 24px; height: 24px;\"><\/div>\n        <\/div>\n            <div class=\"kksr-star\" style=\"padding-right: 5px\">\n            \n\n<div class=\"kksr-icon\" style=\"width: 24px; height: 24px;\"><\/div>\n        <\/div>\n            <div class=\"kksr-star\" style=\"padding-right: 5px\">\n            \n\n<div class=\"kksr-icon\" style=\"width: 24px; height: 24px;\"><\/div>\n        <\/div>\n            <div class=\"kksr-star\" style=\"padding-right: 5px\">\n            \n\n<div class=\"kksr-icon\" style=\"width: 24px; height: 24px;\"><\/div>\n        <\/div>\n            <div class=\"kksr-star\" style=\"padding-right: 5px\">\n            \n\n<div class=\"kksr-icon\" style=\"width: 24px; height: 24px;\"><\/div>\n        <\/div>\n    <\/div>\n<\/div>\n                \n\n<div class=\"kksr-legend\" style=\"font-size: 19.2px;\">\n            4\/5 - (1 vote)    <\/div>\n    <\/div>\n<p>Bailleur social de r\u00e9f\u00e9rence, <strong>Vilogia recrute<\/strong> chaque ann\u00e9e de nouveaux collaborateurs, dans tous les m\u00e9tiers de l\u2019habitat social. Plusieurs postes de <strong>responsable de programme<\/strong> sont actuellement \u00e0 pourvoir.<\/p><!--more--><div id=\"ez-toc-container\" class=\"ez-toc-v2_0_74 counter-hierarchy ez-toc-counter ez-toc-grey ez-toc-container-direction\">\n<div class=\"ez-toc-title-container\">\n<p class=\"ez-toc-title\" style=\"cursor:inherit\">Table des mati\u00e8res<\/p>\n<span class=\"ez-toc-title-toggle\"><\/span><\/div>\n<nav><ul class='ez-toc-list ez-toc-list-level-1 ' ><li class='ez-toc-page-1 ez-toc-heading-level-2'><a class=\"ez-toc-link ez-toc-heading-1\" href=\"https:\/\/www.monbailleur.fr\/offres-emploi\/actu\/vilogia-recrute-responsable-de-programme\/#un-grand-bailleur-social-qui-recrute-activement\" >Un grand bailleur social, qui recrute activement<\/a><\/li><li class='ez-toc-page-1 ez-toc-heading-level-2'><a class=\"ez-toc-link ez-toc-heading-2\" href=\"https:\/\/www.monbailleur.fr\/offres-emploi\/actu\/vilogia-recrute-responsable-de-programme\/#une-entreprise-innovante-qui-sengage-pour-ses-talents\" >Une entreprise innovante, qui s\u2019engage pour ses talents<\/a><\/li><li class='ez-toc-page-1 ez-toc-heading-level-2'><a class=\"ez-toc-link ez-toc-heading-3\" href=\"https:\/\/www.monbailleur.fr\/offres-emploi\/actu\/vilogia-recrute-responsable-de-programme\/#plusieurs-postes-de-responsable-de-programme-a-pourvoir\" >Plusieurs postes de responsable de programme \u00e0 pourvoir<\/a><\/li><\/ul><\/nav><\/div>\n<h2 class=\"wp-block-heading\" id=\"h-un-grand-bailleur-social-qui-recrute-activement\"><span class=\"ez-toc-section\" id=\"un-grand-bailleur-social-qui-recrute-activement\"><\/span>Un grand bailleur social, qui recrute activement<span class=\"ez-toc-section-end\"><\/span><\/h2><p>Fond\u00e9 il y a plus de 100 ans dans les Hauts-de-France, le <a href=\"https:\/\/www.vilogia.fr\/Le-Groupe-Vilogia\" target=\"_blank\" rel=\"noreferrer noopener\">groupe Vilogia<\/a> rassemble 5 soci\u00e9t\u00e9s sp\u00e9cialis\u00e9es dans l\u2019habitat social. Acteur majeur du logement social en France, le bailleur d\u00e9veloppe et propose des logements \u00e0 loyer mod\u00e9r\u00e9 aux personnes qui en ont besoin. Il les accompagne \u00e9galement dans leur parcours r\u00e9sidentiel, en locatif ou en accession \u00e0 la propri\u00e9t\u00e9.<\/p><p>\u00c0 travers deux soci\u00e9t\u00e9s anonymes de coordination, le groupe loge aujourd\u2019hui plus de 300 000 personnes sur l\u2019ensemble du territoire, et g\u00e8re plus de <strong>140 000 logements<\/strong>. B\u00e2tir durable, loger abordable et accompagner solidaire\u2026 Pour remplir ses missions d\u2019utilit\u00e9 sociale, le bailleur emploie plus de 1 100 collaborateurs. Et il recrute r\u00e9guli\u00e8rement de nouveaux talents, anim\u00e9s par l&rsquo;envie d\u2019innover pour inventer l\u2019habitat de demain\u2026<\/p><div class=\"wp-block-image\"><figure class=\"aligncenter size-full\"><img decoding=\"async\" width=\"793\" height=\"529\" src=\"https:\/\/www.monbailleur.fr\/offres-emploi\/wp-content\/uploads\/2023\/07\/ferme.png\" alt=\"vue sur des logements produits par le bailleur social Vilogia\" class=\"wp-image-6572\" srcset=\"https:\/\/www.monbailleur.fr\/offres-emploi\/wp-content\/uploads\/2023\/07\/ferme.png 793w, https:\/\/www.monbailleur.fr\/offres-emploi\/wp-content\/uploads\/2023\/07\/ferme-300x200.png 300w, https:\/\/www.monbailleur.fr\/offres-emploi\/wp-content\/uploads\/2023\/07\/ferme-768x512.png 768w, https:\/\/www.monbailleur.fr\/offres-emploi\/wp-content\/uploads\/2023\/07\/ferme-600x400.png 600w\" sizes=\"(max-width: 793px) 100vw, 793px\" \/><figcaption class=\"wp-element-caption\">Logements durables &#8211; Vilogia<\/figcaption><\/figure><\/div><p>Vilogia a en effet l\u2019ambition de poursuivre son d\u00e9veloppement sur le territoire, pour continuer \u00e0 <strong>faire bouger les lignes<\/strong> du monde HLM ! En plus de contribuer aux transitions \u00e9nerg\u00e9tique, \u00e9conomique et sociale, le bailleur vise \u00e0 am\u00e9liorer le d\u00e9veloppement urbain et l&rsquo;am\u00e9nagement des territoires, gage de bien vivre ensemble. Et tout cela en favorisant l\u2019\u00e9panouissement professionnel de ses collaborateurs\u2026<\/p><h2 class=\"wp-block-heading\"><span class=\"ez-toc-section\" id=\"une-entreprise-innovante-qui-sengage-pour-ses-talents\"><\/span>Une entreprise innovante, qui s\u2019engage pour ses talents<span class=\"ez-toc-section-end\"><\/span><\/h2><p>Rejoindre les \u00e9quipes de Vilogia permet d\u2019exercer un m\u00e9tier qui a du sens. Et pour recruter des collaborateurs engag\u00e9s et fid\u00e9liser ses talents, le bailleur propose \u00e9galement un accompagnement de qualit\u00e9, tout au long du parcours professionnel.<\/p><p>Les nouveaux collaborateurs b\u00e9n\u00e9ficient d\u2019abord d\u2019un <strong>parcours d\u2019int\u00e9gration<\/strong> personnalis\u00e9, pendant leurs trois premiers mois dans l\u2019entreprise. Le groupe met tout en \u0153uvre pour faciliter leur prise de poste. Vilogia d\u00e9ploie ensuite de nombreux outils pour accompagner la mont\u00e9e en comp\u00e9tences de ses salari\u00e9s. Entretiens annuels, groupes de travail, formations professionnelles et mobilit\u00e9 interne\u2026 Il leur propose un parcours professionnel sur mesure.\u00a0<\/p><div class=\"wp-block-image\"><figure class=\"aligncenter size-large\"><img decoding=\"async\" width=\"1024\" height=\"230\" src=\"https:\/\/www.monbailleur.fr\/offres-emploi\/wp-content\/uploads\/2023\/07\/Capture-decran-2023-07-13-a-12.37.59-1024x230.png\" alt=\"vue sur le nouveau si\u00e8ge de Vilogia, \u00e0 Villeneuve d'Ascq (59)\" class=\"wp-image-6575\" srcset=\"https:\/\/www.monbailleur.fr\/offres-emploi\/wp-content\/uploads\/2023\/07\/Capture-decran-2023-07-13-a-12.37.59-1024x230.png 1024w, https:\/\/www.monbailleur.fr\/offres-emploi\/wp-content\/uploads\/2023\/07\/Capture-decran-2023-07-13-a-12.37.59-300x67.png 300w, https:\/\/www.monbailleur.fr\/offres-emploi\/wp-content\/uploads\/2023\/07\/Capture-decran-2023-07-13-a-12.37.59-768x173.png 768w, https:\/\/www.monbailleur.fr\/offres-emploi\/wp-content\/uploads\/2023\/07\/Capture-decran-2023-07-13-a-12.37.59-600x135.png 600w, https:\/\/www.monbailleur.fr\/offres-emploi\/wp-content\/uploads\/2023\/07\/Capture-decran-2023-07-13-a-12.37.59.png 1219w\" sizes=\"(max-width: 1024px) 100vw, 1024px\" \/><figcaption class=\"wp-element-caption\">Si\u00e8ge de Vilogia &#8211; Villeneuve d&rsquo;Ascq (59)<\/figcaption><\/figure><\/div><p>Le bailleur garantit un management de proximit\u00e9 \u00e0 ses collaborateurs, et une culture projet qui favorise l&rsquo;esprit d\u2019entreprendre. En plus de mettre en avant la diversit\u00e9 et l\u2019\u00e9galit\u00e9, il propose des nouveaux espaces de travail ergonomiques, adapt\u00e9s aux attentes et aux besoins d\u2019aujourd\u2019hui. Vilogia offre enfin une <strong>possibilit\u00e9 de t\u00e9l\u00e9travail<\/strong> d\u2019un ou deux jours par semaine, pour la plupart des postes.<\/p><h2 class=\"wp-block-heading\"><span class=\"ez-toc-section\" id=\"plusieurs-postes-de-responsable-de-programme-a-pourvoir\"><\/span>Plusieurs postes de responsable de programme \u00e0 pourvoir<span class=\"ez-toc-section-end\"><\/span><\/h2><p>Le bailleur social diffuse r\u00e9guli\u00e8rement de nouvelles offres d\u2019emploi sur <a href=\"https:\/\/www.vilogia.fr\/nos-offres-emploi\" target=\"_blank\" rel=\"noreferrer noopener\">son site<\/a>, en Hauts-de-France, \u00cele-de-France, Auvergne-Rh\u00f4ne-Alpes, Grand Ouest, Nouvelle-Aquitaine, Grand Sud et Grand Est. Et avec plus de 2 500 logements neufs livr\u00e9s chaque ann\u00e9e, et autant de logements r\u00e9habilit\u00e9s, il offre de nombreuses opportunit\u00e9s sur les m\u00e9tiers de la gestion ou de la promotion immobili\u00e8re.<\/p><p>Dans ce contexte de fort d\u00e9veloppement, Vilogia recrute actuellement plusieurs <strong>responsables de programme<\/strong> pour renforcer ses \u00e9quipes ma\u00eetrise d\u2019ouvrage. Les principales missions du responsable de programme sont d\u2019\u00e9laborer et de monter les op\u00e9rations, pour ensuite mettre en \u0153uvre le projet, de la constitution du dossier de permis de construire jusqu&rsquo;\u00e0 la livraison de l\u2019ouvrage. Il est amen\u00e9 \u00e0 g\u00e9rer des op\u00e9rations neuves et des op\u00e9rations de r\u00e9habilitation, pour des programmes de logement locatif social, d&rsquo;accession sociale \u00e0 la propri\u00e9t\u00e9 et d&rsquo;am\u00e9nagement.\u00a0<\/p><div class=\"wp-block-image\"><figure class=\"aligncenter size-large\"><img decoding=\"async\" width=\"1024\" height=\"682\" src=\"https:\/\/www.monbailleur.fr\/offres-emploi\/wp-content\/uploads\/2023\/07\/8cb5f116556c0229cc6a698f5d4f425b-1024x682.jpeg\" alt=\"Vilogia recrute plusieurs responsables de programme en France\" class=\"wp-image-6571\" srcset=\"https:\/\/www.monbailleur.fr\/offres-emploi\/wp-content\/uploads\/2023\/07\/8cb5f116556c0229cc6a698f5d4f425b-1024x682.jpeg 1024w, https:\/\/www.monbailleur.fr\/offres-emploi\/wp-content\/uploads\/2023\/07\/8cb5f116556c0229cc6a698f5d4f425b-300x200.jpeg 300w, https:\/\/www.monbailleur.fr\/offres-emploi\/wp-content\/uploads\/2023\/07\/8cb5f116556c0229cc6a698f5d4f425b-768x512.jpeg 768w, https:\/\/www.monbailleur.fr\/offres-emploi\/wp-content\/uploads\/2023\/07\/8cb5f116556c0229cc6a698f5d4f425b-600x400.jpeg 600w, https:\/\/www.monbailleur.fr\/offres-emploi\/wp-content\/uploads\/2023\/07\/8cb5f116556c0229cc6a698f5d4f425b.jpeg 1280w\" sizes=\"(max-width: 1024px) 100vw, 1024px\" \/><figcaption class=\"wp-element-caption\">Responsable de programme &#8211; Vilogia<\/figcaption><\/figure><\/div><p>Le bailleur propose plusieurs postes de responsable de programme <strong>en CDI<\/strong> : \u00e0 Strasbourg, Lyon 6\u00e8me, Villeneuve d\u2019Ascq et B\u00e8gles. Les candidats doivent \u00eatre issus d\u2019une formation sup\u00e9rieure niveau Bac +4 ou Bac +5 (montage d&rsquo;op\u00e9rations, b\u00e2timent\u2026). Ils doivent \u00e9galement justifier d&rsquo;une exp\u00e9rience de la ma\u00eetrise d\u2019ouvrage chez un bailleur, un promoteur ou une SEM immobili\u00e8re. Vilogia propose aussi deux postes en alternance \u00e0 Villeneuve d\u2019Ascq.<\/p><p>Vous \u00eates \u00e0 la recherche d\u2019un emploi dans le secteur du logement social ? Rendez-vous sur la plateforme de recherche MonBailleur Offres d\u2019Emploi, et consultez facilement toutes les <a href=\"https:\/\/www.monbailleur.fr\/offres-emploi\/recherche\" target=\"_blank\" rel=\"noreferrer noopener\">annonces de recrutement<\/a> des bailleurs sociaux en France.<\/p>","protected":false},"excerpt":{"rendered":"<p>Bailleur social de r\u00e9f\u00e9rence, Vilogia recrute chaque ann\u00e9e de nouveaux collaborateurs, dans tous les m\u00e9tiers de l\u2019habitat social. Plusieurs postes de responsable de programme sont actuellement \u00e0 pourvoir.<\/p>\n","protected":false},"author":5,"featured_media":6574,"comment_status":"open","ping_status":"open","sticky":false,"template":"","format":"standard","meta":{"footnotes":""},"categories":[75],"tags":[],"class_list":["post-6570","post","type-post","status-publish","format-standard","has-post-thumbnail","hentry","category-actu"],"yoast_head":"<!-- This site is optimized with the Yoast SEO Premium plugin v22.4 (Yoast SEO v25.1) - https:\/\/yoast.com\/wordpress\/plugins\/seo\/ -->\n<title>Vilogia recrute des responsables de programme<\/title>\n<meta name=\"description\" content=\"Vilogia recrute chaque ann\u00e9e de nouveaux collaborateurs : plusieurs postes de responsable de programme sont actuellement \u00e0 pourvoir.\" \/>\n<meta name=\"robots\" content=\"index, follow, max-snippet:-1, max-image-preview:large, max-video-preview:-1\" \/>\n<link rel=\"canonical\" href=\"https:\/\/www.monbailleur.fr\/offres-emploi\/actu\/vilogia-recrute-responsable-de-programme\" \/>\n<meta property=\"og:locale\" content=\"fr_FR\" \/>\n<meta property=\"og:type\" content=\"article\" \/>\n<meta property=\"og:title\" content=\"Vilogia recrute des responsables de programme\" \/>\n<meta property=\"og:description\" content=\"Vilogia recrute chaque ann\u00e9e de nouveaux collaborateurs : plusieurs postes de responsable de programme sont actuellement \u00e0 pourvoir.\" \/>\n<meta property=\"og:url\" content=\"https:\/\/www.monbailleur.fr\/offres-emploi\/actu\/vilogia-recrute-responsable-de-programme\" \/>\n<meta property=\"og:site_name\" content=\"Monbailleur.fr - Emploi\" \/>\n<meta property=\"article:published_time\" content=\"2023-07-28T14:04:04+00:00\" \/>\n<meta property=\"article:modified_time\" content=\"2023-07-28T14:04:07+00:00\" \/>\n<meta property=\"og:image\" content=\"https:\/\/www.monbailleur.fr\/offres-emploi\/wp-content\/uploads\/2023\/07\/clients_alcena_logo-groupe_vilogia.png\" \/>\n\t<meta property=\"og:image:width\" content=\"512\" \/>\n\t<meta property=\"og:image:height\" content=\"276\" \/>\n\t<meta property=\"og:image:type\" content=\"image\/png\" \/>\n<meta name=\"author\" content=\"Anna De Gouyon Matignon\" \/>\n<meta name=\"twitter:card\" content=\"summary_large_image\" \/>\n<meta name=\"twitter:label1\" content=\"\u00c9crit par\" \/>\n\t<meta name=\"twitter:data1\" content=\"Anna De Gouyon Matignon\" \/>\n\t<meta name=\"twitter:label2\" content=\"Dur\u00e9e de lecture estim\u00e9e\" \/>\n\t<meta name=\"twitter:data2\" content=\"4 minutes\" \/>\n<script type=\"application\/ld+json\" class=\"yoast-schema-graph\">{\"@context\":\"https:\/\/schema.org\",\"@graph\":[{\"@type\":\"Article\",\"@id\":\"https:\/\/www.monbailleur.fr\/offres-emploi\/actu\/vilogia-recrute-responsable-de-programme#article\",\"isPartOf\":{\"@id\":\"https:\/\/www.monbailleur.fr\/offres-emploi\/actu\/vilogia-recrute-responsable-de-programme\"},\"author\":{\"name\":\"Anna De Gouyon Matignon\",\"@id\":\"https:\/\/www.monbailleur.fr\/offres-emploi\/#\/schema\/person\/0490927abb4c2d7770e99d7d2e6f009b\"},\"headline\":\"Vilogia recrute des responsables de programme\",\"datePublished\":\"2023-07-28T14:04:04+00:00\",\"dateModified\":\"2023-07-28T14:04:07+00:00\",\"mainEntityOfPage\":{\"@id\":\"https:\/\/www.monbailleur.fr\/offres-emploi\/actu\/vilogia-recrute-responsable-de-programme\"},\"wordCount\":728,\"commentCount\":0,\"publisher\":{\"@id\":\"https:\/\/www.monbailleur.fr\/offres-emploi\/#organization\"},\"image\":{\"@id\":\"https:\/\/www.monbailleur.fr\/offres-emploi\/actu\/vilogia-recrute-responsable-de-programme#primaryimage\"},\"thumbnailUrl\":\"https:\/\/www.monbailleur.fr\/offres-emploi\/wp-content\/uploads\/2023\/07\/clients_alcena_logo-groupe_vilogia.png\",\"articleSection\":[\"Actualit\u00e9s du recrutement\"],\"inLanguage\":\"fr-FR\",\"potentialAction\":[{\"@type\":\"CommentAction\",\"name\":\"Comment\",\"target\":[\"https:\/\/www.monbailleur.fr\/offres-emploi\/actu\/vilogia-recrute-responsable-de-programme#respond\"]}]},{\"@type\":\"WebPage\",\"@id\":\"https:\/\/www.monbailleur.fr\/offres-emploi\/actu\/vilogia-recrute-responsable-de-programme\",\"url\":\"https:\/\/www.monbailleur.fr\/offres-emploi\/actu\/vilogia-recrute-responsable-de-programme\",\"name\":\"Vilogia recrute des responsables de programme\",\"isPartOf\":{\"@id\":\"https:\/\/www.monbailleur.fr\/offres-emploi\/#website\"},\"primaryImageOfPage\":{\"@id\":\"https:\/\/www.monbailleur.fr\/offres-emploi\/actu\/vilogia-recrute-responsable-de-programme#primaryimage\"},\"image\":{\"@id\":\"https:\/\/www.monbailleur.fr\/offres-emploi\/actu\/vilogia-recrute-responsable-de-programme#primaryimage\"},\"thumbnailUrl\":\"https:\/\/www.monbailleur.fr\/offres-emploi\/wp-content\/uploads\/2023\/07\/clients_alcena_logo-groupe_vilogia.png\",\"datePublished\":\"2023-07-28T14:04:04+00:00\",\"dateModified\":\"2023-07-28T14:04:07+00:00\",\"description\":\"Vilogia recrute chaque ann\u00e9e de nouveaux collaborateurs : plusieurs postes de responsable de programme sont actuellement \u00e0 pourvoir.\",\"breadcrumb\":{\"@id\":\"https:\/\/www.monbailleur.fr\/offres-emploi\/actu\/vilogia-recrute-responsable-de-programme#breadcrumb\"},\"inLanguage\":\"fr-FR\",\"potentialAction\":[{\"@type\":\"ReadAction\",\"target\":[\"https:\/\/www.monbailleur.fr\/offres-emploi\/actu\/vilogia-recrute-responsable-de-programme\"]}]},{\"@type\":\"ImageObject\",\"inLanguage\":\"fr-FR\",\"@id\":\"https:\/\/www.monbailleur.fr\/offres-emploi\/actu\/vilogia-recrute-responsable-de-programme#primaryimage\",\"url\":\"https:\/\/www.monbailleur.fr\/offres-emploi\/wp-content\/uploads\/2023\/07\/clients_alcena_logo-groupe_vilogia.png\",\"contentUrl\":\"https:\/\/www.monbailleur.fr\/offres-emploi\/wp-content\/uploads\/2023\/07\/clients_alcena_logo-groupe_vilogia.png\",\"width\":512,\"height\":276,\"caption\":\"Vilogia\"},{\"@type\":\"BreadcrumbList\",\"@id\":\"https:\/\/www.monbailleur.fr\/offres-emploi\/actu\/vilogia-recrute-responsable-de-programme#breadcrumb\",\"itemListElement\":[{\"@type\":\"ListItem\",\"position\":1,\"name\":\"Accueil\",\"item\":\"https:\/\/www.monbailleur.fr\/offres-emploi\/\"},{\"@type\":\"ListItem\",\"position\":2,\"name\":\"Actualit\u00e9s du recrutement\",\"item\":\"https:\/\/www.monbailleur.fr\/offres-emploi\/categorie\/actu\"},{\"@type\":\"ListItem\",\"position\":3,\"name\":\"Vilogia recrute des responsables de programme\"}]},{\"@type\":\"WebSite\",\"@id\":\"https:\/\/www.monbailleur.fr\/offres-emploi\/#website\",\"url\":\"https:\/\/www.monbailleur.fr\/offres-emploi\/\",\"name\":\"Monbailleur.fr - Emploi\",\"description\":\"Les offres d&#039;emploi du logement social\",\"publisher\":{\"@id\":\"https:\/\/www.monbailleur.fr\/offres-emploi\/#organization\"},\"potentialAction\":[{\"@type\":\"SearchAction\",\"target\":{\"@type\":\"EntryPoint\",\"urlTemplate\":\"https:\/\/www.monbailleur.fr\/offres-emploi\/?s={search_term_string}\"},\"query-input\":{\"@type\":\"PropertyValueSpecification\",\"valueRequired\":true,\"valueName\":\"search_term_string\"}}],\"inLanguage\":\"fr-FR\"},{\"@type\":\"Organization\",\"@id\":\"https:\/\/www.monbailleur.fr\/offres-emploi\/#organization\",\"name\":\"Monbailleur.fr - Emploi\",\"url\":\"https:\/\/www.monbailleur.fr\/offres-emploi\/\",\"logo\":{\"@type\":\"ImageObject\",\"inLanguage\":\"fr-FR\",\"@id\":\"https:\/\/www.monbailleur.fr\/offres-emploi\/#\/schema\/logo\/image\/\",\"url\":\"https:\/\/www.monbailleur.fr\/offres-emploi\/wp-content\/uploads\/2023\/06\/MonBailleur-1200x675-1.png\",\"contentUrl\":\"https:\/\/www.monbailleur.fr\/offres-emploi\/wp-content\/uploads\/2023\/06\/MonBailleur-1200x675-1.png\",\"width\":1200,\"height\":675,\"caption\":\"Monbailleur.fr - Emploi\"},\"image\":{\"@id\":\"https:\/\/www.monbailleur.fr\/offres-emploi\/#\/schema\/logo\/image\/\"}},{\"@type\":\"Person\",\"@id\":\"https:\/\/www.monbailleur.fr\/offres-emploi\/#\/schema\/person\/0490927abb4c2d7770e99d7d2e6f009b\",\"name\":\"Anna De Gouyon Matignon\",\"image\":{\"@type\":\"ImageObject\",\"inLanguage\":\"fr-FR\",\"@id\":\"https:\/\/www.monbailleur.fr\/offres-emploi\/#\/schema\/person\/image\/\",\"url\":\"https:\/\/secure.gravatar.com\/avatar\/97a6594b963a1083033e0377d3282146932874af426cfbb94b136e67991a5638?s=96&d=mm&r=g\",\"contentUrl\":\"https:\/\/secure.gravatar.com\/avatar\/97a6594b963a1083033e0377d3282146932874af426cfbb94b136e67991a5638?s=96&d=mm&r=g\",\"caption\":\"Anna De Gouyon Matignon\"},\"url\":\"https:\/\/www.monbailleur.fr\/offres-emploi\/author\/annadegouyonmatignon\"}]}<\/script>\n<!-- \/ Yoast SEO Premium plugin. -->","yoast_head_json":{"title":"Vilogia recrute des responsables de programme","description":"Vilogia recrute chaque ann\u00e9e de nouveaux collaborateurs : plusieurs postes de responsable de programme sont actuellement \u00e0 pourvoir.","robots":{"index":"index","follow":"follow","max-snippet":"max-snippet:-1","max-image-preview":"max-image-preview:large","max-video-preview":"max-video-preview:-1"},"canonical":"https:\/\/www.monbailleur.fr\/offres-emploi\/actu\/vilogia-recrute-responsable-de-programme","og_locale":"fr_FR","og_type":"article","og_title":"Vilogia recrute des responsables de programme","og_description":"Vilogia recrute chaque ann\u00e9e de nouveaux collaborateurs : plusieurs postes de responsable de programme sont actuellement \u00e0 pourvoir.","og_url":"https:\/\/www.monbailleur.fr\/offres-emploi\/actu\/vilogia-recrute-responsable-de-programme","og_site_name":"Monbailleur.fr - Emploi","article_published_time":"2023-07-28T14:04:04+00:00","article_modified_time":"2023-07-28T14:04:07+00:00","og_image":[{"width":512,"height":276,"url":"https:\/\/www.monbailleur.fr\/offres-emploi\/wp-content\/uploads\/2023\/07\/clients_alcena_logo-groupe_vilogia.png","type":"image\/png"}],"author":"Anna De Gouyon Matignon","twitter_card":"summary_large_image","twitter_misc":{"\u00c9crit par":"Anna De Gouyon Matignon","Dur\u00e9e de lecture estim\u00e9e":"4 minutes"},"schema":{"@context":"https:\/\/schema.org","@graph":[{"@type":"Article","@id":"https:\/\/www.monbailleur.fr\/offres-emploi\/actu\/vilogia-recrute-responsable-de-programme#article","isPartOf":{"@id":"https:\/\/www.monbailleur.fr\/offres-emploi\/actu\/vilogia-recrute-responsable-de-programme"},"author":{"name":"Anna De Gouyon Matignon","@id":"https:\/\/www.monbailleur.fr\/offres-emploi\/#\/schema\/person\/0490927abb4c2d7770e99d7d2e6f009b"},"headline":"Vilogia recrute des responsables de programme","datePublished":"2023-07-28T14:04:04+00:00","dateModified":"2023-07-28T14:04:07+00:00","mainEntityOfPage":{"@id":"https:\/\/www.monbailleur.fr\/offres-emploi\/actu\/vilogia-recrute-responsable-de-programme"},"wordCount":728,"commentCount":0,"publisher":{"@id":"https:\/\/www.monbailleur.fr\/offres-emploi\/#organization"},"image":{"@id":"https:\/\/www.monbailleur.fr\/offres-emploi\/actu\/vilogia-recrute-responsable-de-programme#primaryimage"},"thumbnailUrl":"https:\/\/www.monbailleur.fr\/offres-emploi\/wp-content\/uploads\/2023\/07\/clients_alcena_logo-groupe_vilogia.png","articleSection":["Actualit\u00e9s du recrutement"],"inLanguage":"fr-FR","potentialAction":[{"@type":"CommentAction","name":"Comment","target":["https:\/\/www.monbailleur.fr\/offres-emploi\/actu\/vilogia-recrute-responsable-de-programme#respond"]}]},{"@type":"WebPage","@id":"https:\/\/www.monbailleur.fr\/offres-emploi\/actu\/vilogia-recrute-responsable-de-programme","url":"https:\/\/www.monbailleur.fr\/offres-emploi\/actu\/vilogia-recrute-responsable-de-programme","name":"Vilogia recrute des responsables de programme","isPartOf":{"@id":"https:\/\/www.monbailleur.fr\/offres-emploi\/#website"},"primaryImageOfPage":{"@id":"https:\/\/www.monbailleur.fr\/offres-emploi\/actu\/vilogia-recrute-responsable-de-programme#primaryimage"},"image":{"@id":"https:\/\/www.monbailleur.fr\/offres-emploi\/actu\/vilogia-recrute-responsable-de-programme#primaryimage"},"thumbnailUrl":"https:\/\/www.monbailleur.fr\/offres-emploi\/wp-content\/uploads\/2023\/07\/clients_alcena_logo-groupe_vilogia.png","datePublished":"2023-07-28T14:04:04+00:00","dateModified":"2023-07-28T14:04:07+00:00","description":"Vilogia recrute chaque ann\u00e9e de nouveaux collaborateurs : plusieurs postes de responsable de programme sont actuellement \u00e0 pourvoir.","breadcrumb":{"@id":"https:\/\/www.monbailleur.fr\/offres-emploi\/actu\/vilogia-recrute-responsable-de-programme#breadcrumb"},"inLanguage":"fr-FR","potentialAction":[{"@type":"ReadAction","target":["https:\/\/www.monbailleur.fr\/offres-emploi\/actu\/vilogia-recrute-responsable-de-programme"]}]},{"@type":"ImageObject","inLanguage":"fr-FR","@id":"https:\/\/www.monbailleur.fr\/offres-emploi\/actu\/vilogia-recrute-responsable-de-programme#primaryimage","url":"https:\/\/www.monbailleur.fr\/offres-emploi\/wp-content\/uploads\/2023\/07\/clients_alcena_logo-groupe_vilogia.png","contentUrl":"https:\/\/www.monbailleur.fr\/offres-emploi\/wp-content\/uploads\/2023\/07\/clients_alcena_logo-groupe_vilogia.png","width":512,"height":276,"caption":"Vilogia"},{"@type":"BreadcrumbList","@id":"https:\/\/www.monbailleur.fr\/offres-emploi\/actu\/vilogia-recrute-responsable-de-programme#breadcrumb","itemListElement":[{"@type":"ListItem","position":1,"name":"Accueil","item":"https:\/\/www.monbailleur.fr\/offres-emploi\/"},{"@type":"ListItem","position":2,"name":"Actualit\u00e9s du recrutement","item":"https:\/\/www.monbailleur.fr\/offres-emploi\/categorie\/actu"},{"@type":"ListItem","position":3,"name":"Vilogia recrute des responsables de programme"}]},{"@type":"WebSite","@id":"https:\/\/www.monbailleur.fr\/offres-emploi\/#website","url":"https:\/\/www.monbailleur.fr\/offres-emploi\/","name":"Monbailleur.fr - Emploi","description":"Les offres d&#039;emploi du logement social","publisher":{"@id":"https:\/\/www.monbailleur.fr\/offres-emploi\/#organization"},"potentialAction":[{"@type":"SearchAction","target":{"@type":"EntryPoint","urlTemplate":"https:\/\/www.monbailleur.fr\/offres-emploi\/?s={search_term_string}"},"query-input":{"@type":"PropertyValueSpecification","valueRequired":true,"valueName":"search_term_string"}}],"inLanguage":"fr-FR"},{"@type":"Organization","@id":"https:\/\/www.monbailleur.fr\/offres-emploi\/#organization","name":"Monbailleur.fr - Emploi","url":"https:\/\/www.monbailleur.fr\/offres-emploi\/","logo":{"@type":"ImageObject","inLanguage":"fr-FR","@id":"https:\/\/www.monbailleur.fr\/offres-emploi\/#\/schema\/logo\/image\/","url":"https:\/\/www.monbailleur.fr\/offres-emploi\/wp-content\/uploads\/2023\/06\/MonBailleur-1200x675-1.png","contentUrl":"https:\/\/www.monbailleur.fr\/offres-emploi\/wp-content\/uploads\/2023\/06\/MonBailleur-1200x675-1.png","width":1200,"height":675,"caption":"Monbailleur.fr - Emploi"},"image":{"@id":"https:\/\/www.monbailleur.fr\/offres-emploi\/#\/schema\/logo\/image\/"}},{"@type":"Person","@id":"https:\/\/www.monbailleur.fr\/offres-emploi\/#\/schema\/person\/0490927abb4c2d7770e99d7d2e6f009b","name":"Anna De Gouyon Matignon","image":{"@type":"ImageObject","inLanguage":"fr-FR","@id":"https:\/\/www.monbailleur.fr\/offres-emploi\/#\/schema\/person\/image\/","url":"https:\/\/secure.gravatar.com\/avatar\/97a6594b963a1083033e0377d3282146932874af426cfbb94b136e67991a5638?s=96&d=mm&r=g","contentUrl":"https:\/\/secure.gravatar.com\/avatar\/97a6594b963a1083033e0377d3282146932874af426cfbb94b136e67991a5638?s=96&d=mm&r=g","caption":"Anna De Gouyon Matignon"},"url":"https:\/\/www.monbailleur.fr\/offres-emploi\/author\/annadegouyonmatignon"}]}},"jetpack_featured_media_url":"https:\/\/www.monbailleur.fr\/offres-emploi\/wp-content\/uploads\/2023\/07\/clients_alcena_logo-groupe_vilogia.png","_links":{"self":[{"href":"https:\/\/www.monbailleur.fr\/offres-emploi\/wp-json\/wp\/v2\/posts\/6570","targetHints":{"allow":["GET"]}}],"collection":[{"href":"https:\/\/www.monbailleur.fr\/offres-emploi\/wp-json\/wp\/v2\/posts"}],"about":[{"href":"https:\/\/www.monbailleur.fr\/offres-emploi\/wp-json\/wp\/v2\/types\/post"}],"author":[{"embeddable":true,"href":"https:\/\/www.monbailleur.fr\/offres-emploi\/wp-json\/wp\/v2\/users\/5"}],"replies":[{"embeddable":true,"href":"https:\/\/www.monbailleur.fr\/offres-emploi\/wp-json\/wp\/v2\/comments?post=6570"}],"version-history":[{"count":2,"href":"https:\/\/www.monbailleur.fr\/offres-emploi\/wp-json\/wp\/v2\/posts\/6570\/revisions"}],"predecessor-version":[{"id":7061,"href":"https:\/\/www.monbailleur.fr\/offres-emploi\/wp-json\/wp\/v2\/posts\/6570\/revisions\/7061"}],"wp:featuredmedia":[{"embeddable":true,"href":"https:\/\/www.monbailleur.fr\/offres-emploi\/wp-json\/wp\/v2\/media\/6574"}],"wp:attachment":[{"href":"https:\/\/www.monbailleur.fr\/offres-emploi\/wp-json\/wp\/v2\/media?parent=6570"}],"wp:term":[{"taxonomy":"category","embeddable":true,"href":"https:\/\/www.monbailleur.fr\/offres-emploi\/wp-json\/wp\/v2\/categories?post=6570"},{"taxonomy":"post_tag","embeddable":true,"href":"https:\/\/www.monbailleur.fr\/offres-emploi\/wp-json\/wp\/v2\/tags?post=6570"}],"curies":[{"name":"wp","href":"https:\/\/api.w.org\/{rel}","templated":true}]}}