{"id":6577,"date":"2023-07-28T16:09:43","date_gmt":"2023-07-28T14:09:43","guid":{"rendered":"https:\/\/www.monbailleur.fr\/offres-emploi\/?p=6577"},"modified":"2023-07-28T16:09:46","modified_gmt":"2023-07-28T14:09:46","slug":"seine-saint-denis-habitat-recrute-cesf","status":"publish","type":"post","link":"https:\/\/www.monbailleur.fr\/offres-emploi\/actu\/seine-saint-denis-habitat-recrute-cesf","title":{"rendered":"Seine-Saint-Denis Habitat : encore deux postes de CESF \u00e0 pourvoir !"},"content":{"rendered":"\n\n<div class=\"kk-star-ratings kksr-auto kksr-align-left kksr-valign-top\"\n    data-payload='{&quot;align&quot;:&quot;left&quot;,&quot;id&quot;:&quot;6577&quot;,&quot;slug&quot;:&quot;default&quot;,&quot;valign&quot;:&quot;top&quot;,&quot;ignore&quot;:&quot;&quot;,&quot;reference&quot;:&quot;auto&quot;,&quot;class&quot;:&quot;&quot;,&quot;count&quot;:&quot;0&quot;,&quot;legendonly&quot;:&quot;&quot;,&quot;readonly&quot;:&quot;&quot;,&quot;score&quot;:&quot;0&quot;,&quot;starsonly&quot;:&quot;&quot;,&quot;best&quot;:&quot;5&quot;,&quot;gap&quot;:&quot;5&quot;,&quot;greet&quot;:&quot;&quot;,&quot;legend&quot;:&quot;0\\\/5 - (0 vote)&quot;,&quot;size&quot;:&quot;24&quot;,&quot;title&quot;:&quot;Seine-Saint-Denis Habitat : encore deux postes de CESF \u00e0 pourvoir !&quot;,&quot;width&quot;:&quot;0&quot;,&quot;_legend&quot;:&quot;{score}\\\/{best} - ({count} {votes})&quot;,&quot;font_factor&quot;:&quot;1.25&quot;}'>\n            \n<div class=\"kksr-stars\">\n    \n<div class=\"kksr-stars-inactive\">\n            <div class=\"kksr-star\" data-star=\"1\" style=\"padding-right: 5px\">\n            \n\n<div class=\"kksr-icon\" style=\"width: 24px; height: 24px;\"><\/div>\n        <\/div>\n            <div class=\"kksr-star\" data-star=\"2\" style=\"padding-right: 5px\">\n            \n\n<div class=\"kksr-icon\" style=\"width: 24px; height: 24px;\"><\/div>\n        <\/div>\n            <div class=\"kksr-star\" data-star=\"3\" style=\"padding-right: 5px\">\n            \n\n<div class=\"kksr-icon\" style=\"width: 24px; height: 24px;\"><\/div>\n        <\/div>\n            <div class=\"kksr-star\" data-star=\"4\" style=\"padding-right: 5px\">\n            \n\n<div class=\"kksr-icon\" style=\"width: 24px; height: 24px;\"><\/div>\n        <\/div>\n            <div class=\"kksr-star\" data-star=\"5\" style=\"padding-right: 5px\">\n            \n\n<div class=\"kksr-icon\" style=\"width: 24px; height: 24px;\"><\/div>\n        <\/div>\n    <\/div>\n    \n<div class=\"kksr-stars-active\" style=\"width: 0px;\">\n            <div class=\"kksr-star\" style=\"padding-right: 5px\">\n            \n\n<div class=\"kksr-icon\" style=\"width: 24px; height: 24px;\"><\/div>\n        <\/div>\n            <div class=\"kksr-star\" style=\"padding-right: 5px\">\n            \n\n<div class=\"kksr-icon\" style=\"width: 24px; height: 24px;\"><\/div>\n        <\/div>\n            <div class=\"kksr-star\" style=\"padding-right: 5px\">\n            \n\n<div class=\"kksr-icon\" style=\"width: 24px; height: 24px;\"><\/div>\n        <\/div>\n            <div class=\"kksr-star\" style=\"padding-right: 5px\">\n            \n\n<div class=\"kksr-icon\" style=\"width: 24px; height: 24px;\"><\/div>\n        <\/div>\n            <div class=\"kksr-star\" style=\"padding-right: 5px\">\n            \n\n<div class=\"kksr-icon\" style=\"width: 24px; height: 24px;\"><\/div>\n        <\/div>\n    <\/div>\n<\/div>\n                \n\n<div class=\"kksr-legend\" style=\"font-size: 19.2px;\">\n            <span class=\"kksr-muted\"><\/span>\n    <\/div>\n    <\/div>\n<p>Premier acteur de l\u2019habitat social dans le 93, <strong>Seine-Saint-Denis Habitat recrute<\/strong> encore deux <strong>CESF<\/strong> pour ses agences de <strong>Romainville<\/strong> et <strong>La Courneuve<\/strong>. L\u2019occasion de rejoindre les \u00e9quipes d\u2019un bailleur engag\u00e9, qui place l\u2019accompagnement social au c\u0153ur de ses priorit\u00e9s.<\/p><!--more--><h2 class=\"wp-block-heading\" id=\"h-un-bailleur-social-engage-dynamique-et-responsable\">Un bailleur social engag\u00e9, dynamique et responsable<\/h2><p>Office d\u00e9partemental de la Seine-Saint-Denis, le bailleur est le premier acteur de l\u2019habitat social du d\u00e9partement. Cr\u00e9\u00e9 en 1970, il g\u00e8re aujourd\u2019hui un patrimoine de plus de <strong>32 000 logements<\/strong>, dans 30 communes du 93 (sur 40). Il loge 93 000 habitants en Seine-Saint-Denis.\u00a0<\/p><p>Modernisation et r\u00e9habilitation de son patrimoine, actions de proximit\u00e9, dialogue et optimisation de la qualit\u00e9 de service\u2026 Au service de ses locataires et du territoire, <a href=\"https:\/\/www.seinesaintdenishabitat.fr\/\" target=\"_blank\" rel=\"noreferrer noopener\">Seine-Saint-Denis Habitat<\/a> met tout en \u0153uvre pour proposer un habitat de qualit\u00e9, qui favorise le bien-vivre ensemble. Acteur de r\u00e9f\u00e9rence du projet d\u00e9partemental, l\u2019Office s\u2019investit aussi dans l\u2019am\u00e9nagement d\u2019un territoire urbain dynamique et inclusif, en pleine mutation. &nbsp;<\/p><div class=\"wp-block-image\"><figure class=\"aligncenter size-full\"><img decoding=\"async\" width=\"768\" height=\"733\" src=\"https:\/\/www.monbailleur.fr\/offres-emploi\/wp-content\/uploads\/2023\/07\/carte-sans-nbre-logements-768x733-1.png\" alt=\"carte de la pr\u00e9sence de Seine-Saint-Denis Habitat sur le d\u00e9partement\" class=\"wp-image-6579\" srcset=\"https:\/\/www.monbailleur.fr\/offres-emploi\/wp-content\/uploads\/2023\/07\/carte-sans-nbre-logements-768x733-1.png 768w, https:\/\/www.monbailleur.fr\/offres-emploi\/wp-content\/uploads\/2023\/07\/carte-sans-nbre-logements-768x733-1-300x286.png 300w, https:\/\/www.monbailleur.fr\/offres-emploi\/wp-content\/uploads\/2023\/07\/carte-sans-nbre-logements-768x733-1-600x573.png 600w\" sizes=\"(max-width: 768px) 100vw, 768px\" \/><figcaption class=\"wp-element-caption\">Seine-Saint-Denis Habitat &#8211; Pr\u00e9sence sur le d\u00e9partement<\/figcaption><\/figure><\/div><p>Pour continuer \u00e0 r\u00e9pondre aux besoins de ce d\u00e9partement d\u2019accueil et d\u2019immigration, le bailleur recrute chaque ann\u00e9e de nouveaux collaborateurs, dans de nombreux m\u00e9tiers du logement social. Ses \u00e9quipes sont compos\u00e9es de femmes et d\u2019hommes engag\u00e9s, port\u00e9s par des valeurs de solidarit\u00e9, d\u2019inclusion et de respect. Seine-Saint-Denis Habitat publie r\u00e9guli\u00e8rement des offres d\u2019emploi sur <a href=\"https:\/\/www.seinesaintdenishabitat.fr\/nous-rejoindre\/nos-offres-emploi\/\" target=\"_blank\" rel=\"noreferrer noopener\">son site internet<\/a> pour int\u00e9grer les \u00e9quipes du si\u00e8ge (\u00e0 Bobigny), de ses agences locales ou de ses r\u00e9sidences. Locaux spacieux et espaces conviviaux, politique de t\u00e9l\u00e9travail flexible et attrayante, formation professionnelle et plan de mobilit\u00e9 employeur\u2026 Rejoindre les \u00e9quipes de ce grand bailleur social permet de profiter de <strong>nombreux avantages<\/strong>.<\/p><h2 class=\"wp-block-heading\">CESF : encore deux offres d\u2019emploi chez Seine-Saint-Denis Habitat<\/h2><p>Aujourd\u2019hui, de nombreux locataires sont en situation de grande pr\u00e9carit\u00e9 \u00e9conomique et \/ ou sociale dans le d\u00e9partement. Et la r\u00e9cente crise sanitaire et \u00e9conomique n\u2019a pas am\u00e9lior\u00e9 la situation ! Rupture dans les parcours de vie, les parcours professionnels et les parcours familiaux, monoparentalit\u00e9, isolement\u2026 Pour <strong>aider les locataires fragiles<\/strong> \u00e0 faire face \u00e0 ces difficult\u00e9s, le bailleur met en place un accompagnement social renforc\u00e9.<\/p><p>Seine-Saint-Denis Habitat a d\u00e9cid\u00e9 de <strong>recruter 6 nouveaux CESF<\/strong> (conseillers en \u00e9conomie sociale et familiale), pour renforcer son service des politiques sociales et urbaines et appuyer le travail de ses collaborateurs. Ils viennent agrandir les \u00e9quipes de ses 6 agences de gestion, \u00e0 Bobigny, Dugny, La Courneuve, Grand Paris Grand Est, Romainville et Stains. Deux postes de CESF sont encore \u00e0 pourvoir, pour les agences de Romainville et La Courneuve.<\/p><div class=\"wp-block-image\"><figure class=\"aligncenter size-full is-resized\"><img decoding=\"async\" src=\"https:\/\/www.monbailleur.fr\/offres-emploi\/wp-content\/uploads\/2023\/07\/big-actu-home-526x270-1.png\" alt=\"exercer le m\u00e9tier de CESF chez Seine-Saint-Denis Habitat\" class=\"wp-image-6578\" width=\"636\" height=\"326\" srcset=\"https:\/\/www.monbailleur.fr\/offres-emploi\/wp-content\/uploads\/2023\/07\/big-actu-home-526x270-1.png 526w, https:\/\/www.monbailleur.fr\/offres-emploi\/wp-content\/uploads\/2023\/07\/big-actu-home-526x270-1-300x154.png 300w\" sizes=\"(max-width: 636px) 100vw, 636px\" \/><figcaption class=\"wp-element-caption\">Seine-Saint-Denis Habitat &#8211; CESF<\/figcaption><\/figure><\/div><p>Intervenant social de r\u00e9f\u00e9rence, le CESF a pour mission de rep\u00e9rer les difficult\u00e9s et d\u2019\u00e9tudier les situations de fragilit\u00e9, pour ensuite pr\u00e9coniser des solutions adapt\u00e9es. Il participe \u00e0 la mise en place de ces solutions, et suit le bon d\u00e9roulement du plan d\u2019action. En plus d\u2019informer, de conseiller et d\u2019orienter les locataires, il s\u2019assure aussi qu\u2019ils puissent rester dans leur logement, et les aide \u00e0 \u00e9viter les impay\u00e9s de loyers.<\/p><p>Pour postuler \u00e0 ces offres d\u2019emploi, les candidats doivent \u00eatre titulaires d\u2019un dipl\u00f4me de conseiller en \u00e9conomie sociale et familiale, ou d\u2019un dipl\u00f4me d\u2019assistant de service social (niveau II \u2013 Bac +3 \/ Bac +4). Le bailleur demande \u00e9galement une premi\u00e8re exp\u00e9rience r\u00e9ussie sur un poste similaire. Vous souhaitez en savoir plus sur les autres <a href=\"https:\/\/www.monbailleur.fr\/offres-emploi\/entreprise\/SEINE-SAINT-DENIS%20HABITAT\" target=\"_blank\" rel=\"noreferrer noopener\">offres d\u2019emploi<\/a> chez Seine-Saint-Denis Habitat ? Rendez-vous sur leur site ou utilisez notre plateforme de recherche !<\/p>","protected":false},"excerpt":{"rendered":"<p>Premier acteur de l\u2019habitat social dans le 93, Seine-Saint-Denis Habitat recrute encore deux CESF pour ses agences de Romainville et La Courneuve. L\u2019occasion de rejoindre les \u00e9quipes d\u2019un bailleur engag\u00e9, qui place l\u2019accompagnement social au c\u0153ur de ses priorit\u00e9s.<\/p>\n","protected":false},"author":5,"featured_media":6580,"comment_status":"open","ping_status":"open","sticky":false,"template":"","format":"standard","meta":{"footnotes":""},"categories":[75],"tags":[],"class_list":["post-6577","post","type-post","status-publish","format-standard","has-post-thumbnail","hentry","category-actu"],"yoast_head":"<!-- This site is optimized with the Yoast SEO Premium plugin v22.4 (Yoast SEO v25.1) - https:\/\/yoast.com\/wordpress\/plugins\/seo\/ -->\n<title>Deux postes de CESF chez Seine-Saint-Denis Habitat<\/title>\n<meta name=\"description\" content=\"Bailleur social de r\u00e9f\u00e9rence, Seine-Saint-Denis Habitat recrute encore deux CESF pour ses agences de Romainville et La Courneuve.\" \/>\n<meta name=\"robots\" content=\"index, follow, max-snippet:-1, max-image-preview:large, max-video-preview:-1\" \/>\n<link rel=\"canonical\" href=\"https:\/\/www.monbailleur.fr\/offres-emploi\/actu\/seine-saint-denis-habitat-recrute-cesf\" \/>\n<meta property=\"og:locale\" content=\"fr_FR\" \/>\n<meta property=\"og:type\" content=\"article\" \/>\n<meta property=\"og:title\" content=\"Seine-Saint-Denis Habitat : encore deux postes de CESF \u00e0 pourvoir !\" \/>\n<meta property=\"og:description\" content=\"Bailleur social de r\u00e9f\u00e9rence, Seine-Saint-Denis Habitat recrute encore deux CESF pour ses agences de Romainville et La Courneuve.\" \/>\n<meta property=\"og:url\" content=\"https:\/\/www.monbailleur.fr\/offres-emploi\/actu\/seine-saint-denis-habitat-recrute-cesf\" \/>\n<meta property=\"og:site_name\" content=\"Monbailleur.fr - Emploi\" \/>\n<meta property=\"article:published_time\" content=\"2023-07-28T14:09:43+00:00\" \/>\n<meta property=\"article:modified_time\" content=\"2023-07-28T14:09:46+00:00\" \/>\n<meta property=\"og:image\" content=\"https:\/\/www.monbailleur.fr\/offres-emploi\/wp-content\/uploads\/2023\/07\/telechargement-1.png\" \/>\n\t<meta property=\"og:image:width\" content=\"331\" \/>\n\t<meta property=\"og:image:height\" content=\"152\" \/>\n\t<meta property=\"og:image:type\" content=\"image\/png\" \/>\n<meta name=\"author\" content=\"Anna De Gouyon Matignon\" \/>\n<meta name=\"twitter:card\" content=\"summary_large_image\" \/>\n<meta name=\"twitter:label1\" content=\"\u00c9crit par\" \/>\n\t<meta name=\"twitter:data1\" content=\"Anna De Gouyon Matignon\" \/>\n\t<meta name=\"twitter:label2\" content=\"Dur\u00e9e de lecture estim\u00e9e\" \/>\n\t<meta name=\"twitter:data2\" content=\"4 minutes\" \/>\n<script type=\"application\/ld+json\" class=\"yoast-schema-graph\">{\"@context\":\"https:\/\/schema.org\",\"@graph\":[{\"@type\":\"Article\",\"@id\":\"https:\/\/www.monbailleur.fr\/offres-emploi\/actu\/seine-saint-denis-habitat-recrute-cesf#article\",\"isPartOf\":{\"@id\":\"https:\/\/www.monbailleur.fr\/offres-emploi\/actu\/seine-saint-denis-habitat-recrute-cesf\"},\"author\":{\"name\":\"Anna De Gouyon Matignon\",\"@id\":\"https:\/\/www.monbailleur.fr\/offres-emploi\/#\/schema\/person\/0490927abb4c2d7770e99d7d2e6f009b\"},\"headline\":\"Seine-Saint-Denis Habitat : encore deux postes de CESF \u00e0 pourvoir !\",\"datePublished\":\"2023-07-28T14:09:43+00:00\",\"dateModified\":\"2023-07-28T14:09:46+00:00\",\"mainEntityOfPage\":{\"@id\":\"https:\/\/www.monbailleur.fr\/offres-emploi\/actu\/seine-saint-denis-habitat-recrute-cesf\"},\"wordCount\":609,\"commentCount\":0,\"publisher\":{\"@id\":\"https:\/\/www.monbailleur.fr\/offres-emploi\/#organization\"},\"image\":{\"@id\":\"https:\/\/www.monbailleur.fr\/offres-emploi\/actu\/seine-saint-denis-habitat-recrute-cesf#primaryimage\"},\"thumbnailUrl\":\"https:\/\/www.monbailleur.fr\/offres-emploi\/wp-content\/uploads\/2023\/07\/telechargement-1.png\",\"articleSection\":[\"Actualit\u00e9s du recrutement\"],\"inLanguage\":\"fr-FR\",\"potentialAction\":[{\"@type\":\"CommentAction\",\"name\":\"Comment\",\"target\":[\"https:\/\/www.monbailleur.fr\/offres-emploi\/actu\/seine-saint-denis-habitat-recrute-cesf#respond\"]}]},{\"@type\":\"WebPage\",\"@id\":\"https:\/\/www.monbailleur.fr\/offres-emploi\/actu\/seine-saint-denis-habitat-recrute-cesf\",\"url\":\"https:\/\/www.monbailleur.fr\/offres-emploi\/actu\/seine-saint-denis-habitat-recrute-cesf\",\"name\":\"Deux postes de CESF chez Seine-Saint-Denis Habitat\",\"isPartOf\":{\"@id\":\"https:\/\/www.monbailleur.fr\/offres-emploi\/#website\"},\"primaryImageOfPage\":{\"@id\":\"https:\/\/www.monbailleur.fr\/offres-emploi\/actu\/seine-saint-denis-habitat-recrute-cesf#primaryimage\"},\"image\":{\"@id\":\"https:\/\/www.monbailleur.fr\/offres-emploi\/actu\/seine-saint-denis-habitat-recrute-cesf#primaryimage\"},\"thumbnailUrl\":\"https:\/\/www.monbailleur.fr\/offres-emploi\/wp-content\/uploads\/2023\/07\/telechargement-1.png\",\"datePublished\":\"2023-07-28T14:09:43+00:00\",\"dateModified\":\"2023-07-28T14:09:46+00:00\",\"description\":\"Bailleur social de r\u00e9f\u00e9rence, Seine-Saint-Denis Habitat recrute encore deux CESF pour ses agences de Romainville et La Courneuve.\",\"breadcrumb\":{\"@id\":\"https:\/\/www.monbailleur.fr\/offres-emploi\/actu\/seine-saint-denis-habitat-recrute-cesf#breadcrumb\"},\"inLanguage\":\"fr-FR\",\"potentialAction\":[{\"@type\":\"ReadAction\",\"target\":[\"https:\/\/www.monbailleur.fr\/offres-emploi\/actu\/seine-saint-denis-habitat-recrute-cesf\"]}]},{\"@type\":\"ImageObject\",\"inLanguage\":\"fr-FR\",\"@id\":\"https:\/\/www.monbailleur.fr\/offres-emploi\/actu\/seine-saint-denis-habitat-recrute-cesf#primaryimage\",\"url\":\"https:\/\/www.monbailleur.fr\/offres-emploi\/wp-content\/uploads\/2023\/07\/telechargement-1.png\",\"contentUrl\":\"https:\/\/www.monbailleur.fr\/offres-emploi\/wp-content\/uploads\/2023\/07\/telechargement-1.png\",\"width\":331,\"height\":152,\"caption\":\"Seine-Saint-Denis Habitat\"},{\"@type\":\"BreadcrumbList\",\"@id\":\"https:\/\/www.monbailleur.fr\/offres-emploi\/actu\/seine-saint-denis-habitat-recrute-cesf#breadcrumb\",\"itemListElement\":[{\"@type\":\"ListItem\",\"position\":1,\"name\":\"Accueil\",\"item\":\"https:\/\/www.monbailleur.fr\/offres-emploi\/\"},{\"@type\":\"ListItem\",\"position\":2,\"name\":\"Actualit\u00e9s du recrutement\",\"item\":\"https:\/\/www.monbailleur.fr\/offres-emploi\/categorie\/actu\"},{\"@type\":\"ListItem\",\"position\":3,\"name\":\"Seine-Saint-Denis Habitat : encore deux postes de CESF \u00e0 pourvoir !\"}]},{\"@type\":\"WebSite\",\"@id\":\"https:\/\/www.monbailleur.fr\/offres-emploi\/#website\",\"url\":\"https:\/\/www.monbailleur.fr\/offres-emploi\/\",\"name\":\"Monbailleur.fr - Emploi\",\"description\":\"Les offres d&#039;emploi du logement social\",\"publisher\":{\"@id\":\"https:\/\/www.monbailleur.fr\/offres-emploi\/#organization\"},\"potentialAction\":[{\"@type\":\"SearchAction\",\"target\":{\"@type\":\"EntryPoint\",\"urlTemplate\":\"https:\/\/www.monbailleur.fr\/offres-emploi\/?s={search_term_string}\"},\"query-input\":{\"@type\":\"PropertyValueSpecification\",\"valueRequired\":true,\"valueName\":\"search_term_string\"}}],\"inLanguage\":\"fr-FR\"},{\"@type\":\"Organization\",\"@id\":\"https:\/\/www.monbailleur.fr\/offres-emploi\/#organization\",\"name\":\"Monbailleur.fr - Emploi\",\"url\":\"https:\/\/www.monbailleur.fr\/offres-emploi\/\",\"logo\":{\"@type\":\"ImageObject\",\"inLanguage\":\"fr-FR\",\"@id\":\"https:\/\/www.monbailleur.fr\/offres-emploi\/#\/schema\/logo\/image\/\",\"url\":\"https:\/\/www.monbailleur.fr\/offres-emploi\/wp-content\/uploads\/2023\/06\/MonBailleur-1200x675-1.png\",\"contentUrl\":\"https:\/\/www.monbailleur.fr\/offres-emploi\/wp-content\/uploads\/2023\/06\/MonBailleur-1200x675-1.png\",\"width\":1200,\"height\":675,\"caption\":\"Monbailleur.fr - Emploi\"},\"image\":{\"@id\":\"https:\/\/www.monbailleur.fr\/offres-emploi\/#\/schema\/logo\/image\/\"}},{\"@type\":\"Person\",\"@id\":\"https:\/\/www.monbailleur.fr\/offres-emploi\/#\/schema\/person\/0490927abb4c2d7770e99d7d2e6f009b\",\"name\":\"Anna De Gouyon Matignon\",\"image\":{\"@type\":\"ImageObject\",\"inLanguage\":\"fr-FR\",\"@id\":\"https:\/\/www.monbailleur.fr\/offres-emploi\/#\/schema\/person\/image\/\",\"url\":\"https:\/\/secure.gravatar.com\/avatar\/97a6594b963a1083033e0377d3282146932874af426cfbb94b136e67991a5638?s=96&d=mm&r=g\",\"contentUrl\":\"https:\/\/secure.gravatar.com\/avatar\/97a6594b963a1083033e0377d3282146932874af426cfbb94b136e67991a5638?s=96&d=mm&r=g\",\"caption\":\"Anna De Gouyon Matignon\"},\"url\":\"https:\/\/www.monbailleur.fr\/offres-emploi\/author\/annadegouyonmatignon\"}]}<\/script>\n<!-- \/ Yoast SEO Premium plugin. -->","yoast_head_json":{"title":"Deux postes de CESF chez Seine-Saint-Denis Habitat","description":"Bailleur social de r\u00e9f\u00e9rence, Seine-Saint-Denis Habitat recrute encore deux CESF pour ses agences de Romainville et La Courneuve.","robots":{"index":"index","follow":"follow","max-snippet":"max-snippet:-1","max-image-preview":"max-image-preview:large","max-video-preview":"max-video-preview:-1"},"canonical":"https:\/\/www.monbailleur.fr\/offres-emploi\/actu\/seine-saint-denis-habitat-recrute-cesf","og_locale":"fr_FR","og_type":"article","og_title":"Seine-Saint-Denis Habitat : encore deux postes de CESF \u00e0 pourvoir !","og_description":"Bailleur social de r\u00e9f\u00e9rence, Seine-Saint-Denis Habitat recrute encore deux CESF pour ses agences de Romainville et La Courneuve.","og_url":"https:\/\/www.monbailleur.fr\/offres-emploi\/actu\/seine-saint-denis-habitat-recrute-cesf","og_site_name":"Monbailleur.fr - Emploi","article_published_time":"2023-07-28T14:09:43+00:00","article_modified_time":"2023-07-28T14:09:46+00:00","og_image":[{"width":331,"height":152,"url":"https:\/\/www.monbailleur.fr\/offres-emploi\/wp-content\/uploads\/2023\/07\/telechargement-1.png","type":"image\/png"}],"author":"Anna De Gouyon Matignon","twitter_card":"summary_large_image","twitter_misc":{"\u00c9crit par":"Anna De Gouyon Matignon","Dur\u00e9e de lecture estim\u00e9e":"4 minutes"},"schema":{"@context":"https:\/\/schema.org","@graph":[{"@type":"Article","@id":"https:\/\/www.monbailleur.fr\/offres-emploi\/actu\/seine-saint-denis-habitat-recrute-cesf#article","isPartOf":{"@id":"https:\/\/www.monbailleur.fr\/offres-emploi\/actu\/seine-saint-denis-habitat-recrute-cesf"},"author":{"name":"Anna De Gouyon Matignon","@id":"https:\/\/www.monbailleur.fr\/offres-emploi\/#\/schema\/person\/0490927abb4c2d7770e99d7d2e6f009b"},"headline":"Seine-Saint-Denis Habitat : encore deux postes de CESF \u00e0 pourvoir !","datePublished":"2023-07-28T14:09:43+00:00","dateModified":"2023-07-28T14:09:46+00:00","mainEntityOfPage":{"@id":"https:\/\/www.monbailleur.fr\/offres-emploi\/actu\/seine-saint-denis-habitat-recrute-cesf"},"wordCount":609,"commentCount":0,"publisher":{"@id":"https:\/\/www.monbailleur.fr\/offres-emploi\/#organization"},"image":{"@id":"https:\/\/www.monbailleur.fr\/offres-emploi\/actu\/seine-saint-denis-habitat-recrute-cesf#primaryimage"},"thumbnailUrl":"https:\/\/www.monbailleur.fr\/offres-emploi\/wp-content\/uploads\/2023\/07\/telechargement-1.png","articleSection":["Actualit\u00e9s du recrutement"],"inLanguage":"fr-FR","potentialAction":[{"@type":"CommentAction","name":"Comment","target":["https:\/\/www.monbailleur.fr\/offres-emploi\/actu\/seine-saint-denis-habitat-recrute-cesf#respond"]}]},{"@type":"WebPage","@id":"https:\/\/www.monbailleur.fr\/offres-emploi\/actu\/seine-saint-denis-habitat-recrute-cesf","url":"https:\/\/www.monbailleur.fr\/offres-emploi\/actu\/seine-saint-denis-habitat-recrute-cesf","name":"Deux postes de CESF chez Seine-Saint-Denis Habitat","isPartOf":{"@id":"https:\/\/www.monbailleur.fr\/offres-emploi\/#website"},"primaryImageOfPage":{"@id":"https:\/\/www.monbailleur.fr\/offres-emploi\/actu\/seine-saint-denis-habitat-recrute-cesf#primaryimage"},"image":{"@id":"https:\/\/www.monbailleur.fr\/offres-emploi\/actu\/seine-saint-denis-habitat-recrute-cesf#primaryimage"},"thumbnailUrl":"https:\/\/www.monbailleur.fr\/offres-emploi\/wp-content\/uploads\/2023\/07\/telechargement-1.png","datePublished":"2023-07-28T14:09:43+00:00","dateModified":"2023-07-28T14:09:46+00:00","description":"Bailleur social de r\u00e9f\u00e9rence, Seine-Saint-Denis Habitat recrute encore deux CESF pour ses agences de Romainville et La Courneuve.","breadcrumb":{"@id":"https:\/\/www.monbailleur.fr\/offres-emploi\/actu\/seine-saint-denis-habitat-recrute-cesf#breadcrumb"},"inLanguage":"fr-FR","potentialAction":[{"@type":"ReadAction","target":["https:\/\/www.monbailleur.fr\/offres-emploi\/actu\/seine-saint-denis-habitat-recrute-cesf"]}]},{"@type":"ImageObject","inLanguage":"fr-FR","@id":"https:\/\/www.monbailleur.fr\/offres-emploi\/actu\/seine-saint-denis-habitat-recrute-cesf#primaryimage","url":"https:\/\/www.monbailleur.fr\/offres-emploi\/wp-content\/uploads\/2023\/07\/telechargement-1.png","contentUrl":"https:\/\/www.monbailleur.fr\/offres-emploi\/wp-content\/uploads\/2023\/07\/telechargement-1.png","width":331,"height":152,"caption":"Seine-Saint-Denis Habitat"},{"@type":"BreadcrumbList","@id":"https:\/\/www.monbailleur.fr\/offres-emploi\/actu\/seine-saint-denis-habitat-recrute-cesf#breadcrumb","itemListElement":[{"@type":"ListItem","position":1,"name":"Accueil","item":"https:\/\/www.monbailleur.fr\/offres-emploi\/"},{"@type":"ListItem","position":2,"name":"Actualit\u00e9s du recrutement","item":"https:\/\/www.monbailleur.fr\/offres-emploi\/categorie\/actu"},{"@type":"ListItem","position":3,"name":"Seine-Saint-Denis Habitat : encore deux postes de CESF \u00e0 pourvoir !"}]},{"@type":"WebSite","@id":"https:\/\/www.monbailleur.fr\/offres-emploi\/#website","url":"https:\/\/www.monbailleur.fr\/offres-emploi\/","name":"Monbailleur.fr - Emploi","description":"Les offres d&#039;emploi du logement social","publisher":{"@id":"https:\/\/www.monbailleur.fr\/offres-emploi\/#organization"},"potentialAction":[{"@type":"SearchAction","target":{"@type":"EntryPoint","urlTemplate":"https:\/\/www.monbailleur.fr\/offres-emploi\/?s={search_term_string}"},"query-input":{"@type":"PropertyValueSpecification","valueRequired":true,"valueName":"search_term_string"}}],"inLanguage":"fr-FR"},{"@type":"Organization","@id":"https:\/\/www.monbailleur.fr\/offres-emploi\/#organization","name":"Monbailleur.fr - Emploi","url":"https:\/\/www.monbailleur.fr\/offres-emploi\/","logo":{"@type":"ImageObject","inLanguage":"fr-FR","@id":"https:\/\/www.monbailleur.fr\/offres-emploi\/#\/schema\/logo\/image\/","url":"https:\/\/www.monbailleur.fr\/offres-emploi\/wp-content\/uploads\/2023\/06\/MonBailleur-1200x675-1.png","contentUrl":"https:\/\/www.monbailleur.fr\/offres-emploi\/wp-content\/uploads\/2023\/06\/MonBailleur-1200x675-1.png","width":1200,"height":675,"caption":"Monbailleur.fr - Emploi"},"image":{"@id":"https:\/\/www.monbailleur.fr\/offres-emploi\/#\/schema\/logo\/image\/"}},{"@type":"Person","@id":"https:\/\/www.monbailleur.fr\/offres-emploi\/#\/schema\/person\/0490927abb4c2d7770e99d7d2e6f009b","name":"Anna De Gouyon Matignon","image":{"@type":"ImageObject","inLanguage":"fr-FR","@id":"https:\/\/www.monbailleur.fr\/offres-emploi\/#\/schema\/person\/image\/","url":"https:\/\/secure.gravatar.com\/avatar\/97a6594b963a1083033e0377d3282146932874af426cfbb94b136e67991a5638?s=96&d=mm&r=g","contentUrl":"https:\/\/secure.gravatar.com\/avatar\/97a6594b963a1083033e0377d3282146932874af426cfbb94b136e67991a5638?s=96&d=mm&r=g","caption":"Anna De Gouyon Matignon"},"url":"https:\/\/www.monbailleur.fr\/offres-emploi\/author\/annadegouyonmatignon"}]}},"jetpack_featured_media_url":"https:\/\/www.monbailleur.fr\/offres-emploi\/wp-content\/uploads\/2023\/07\/telechargement-1.png","_links":{"self":[{"href":"https:\/\/www.monbailleur.fr\/offres-emploi\/wp-json\/wp\/v2\/posts\/6577","targetHints":{"allow":["GET"]}}],"collection":[{"href":"https:\/\/www.monbailleur.fr\/offres-emploi\/wp-json\/wp\/v2\/posts"}],"about":[{"href":"https:\/\/www.monbailleur.fr\/offres-emploi\/wp-json\/wp\/v2\/types\/post"}],"author":[{"embeddable":true,"href":"https:\/\/www.monbailleur.fr\/offres-emploi\/wp-json\/wp\/v2\/users\/5"}],"replies":[{"embeddable":true,"href":"https:\/\/www.monbailleur.fr\/offres-emploi\/wp-json\/wp\/v2\/comments?post=6577"}],"version-history":[{"count":3,"href":"https:\/\/www.monbailleur.fr\/offres-emploi\/wp-json\/wp\/v2\/posts\/6577\/revisions"}],"predecessor-version":[{"id":7063,"href":"https:\/\/www.monbailleur.fr\/offres-emploi\/wp-json\/wp\/v2\/posts\/6577\/revisions\/7063"}],"wp:featuredmedia":[{"embeddable":true,"href":"https:\/\/www.monbailleur.fr\/offres-emploi\/wp-json\/wp\/v2\/media\/6580"}],"wp:attachment":[{"href":"https:\/\/www.monbailleur.fr\/offres-emploi\/wp-json\/wp\/v2\/media?parent=6577"}],"wp:term":[{"taxonomy":"category","embeddable":true,"href":"https:\/\/www.monbailleur.fr\/offres-emploi\/wp-json\/wp\/v2\/categories?post=6577"},{"taxonomy":"post_tag","embeddable":true,"href":"https:\/\/www.monbailleur.fr\/offres-emploi\/wp-json\/wp\/v2\/tags?post=6577"}],"curies":[{"name":"wp","href":"https:\/\/api.w.org\/{rel}","templated":true}]}}