{"id":6773,"date":"2023-08-07T13:44:12","date_gmt":"2023-08-07T11:44:12","guid":{"rendered":"https:\/\/www.monbailleur.fr\/offres-emploi\/?p=6773"},"modified":"2023-08-07T13:44:15","modified_gmt":"2023-08-07T11:44:15","slug":"erilia-recrute-gestionnaire-immeuble","status":"publish","type":"post","link":"https:\/\/www.monbailleur.fr\/offres-emploi\/actu\/erilia-recrute-gestionnaire-immeuble","title":{"rendered":"Gestionnaire d\u2019immeuble : plusieurs postes \u00e0 pourvoir chez Erilia\u00a0"},"content":{"rendered":"\n\n<div class=\"kk-star-ratings kksr-auto kksr-align-left kksr-valign-top\"\n    data-payload='{&quot;align&quot;:&quot;left&quot;,&quot;id&quot;:&quot;6773&quot;,&quot;slug&quot;:&quot;default&quot;,&quot;valign&quot;:&quot;top&quot;,&quot;ignore&quot;:&quot;&quot;,&quot;reference&quot;:&quot;auto&quot;,&quot;class&quot;:&quot;&quot;,&quot;count&quot;:&quot;0&quot;,&quot;legendonly&quot;:&quot;&quot;,&quot;readonly&quot;:&quot;&quot;,&quot;score&quot;:&quot;0&quot;,&quot;starsonly&quot;:&quot;&quot;,&quot;best&quot;:&quot;5&quot;,&quot;gap&quot;:&quot;5&quot;,&quot;greet&quot;:&quot;&quot;,&quot;legend&quot;:&quot;0\\\/5 - (0 vote)&quot;,&quot;size&quot;:&quot;24&quot;,&quot;title&quot;:&quot;Gestionnaire d\u2019immeuble : plusieurs postes \u00e0 pourvoir chez Erilia\u00a0&quot;,&quot;width&quot;:&quot;0&quot;,&quot;_legend&quot;:&quot;{score}\\\/{best} - ({count} {votes})&quot;,&quot;font_factor&quot;:&quot;1.25&quot;}'>\n            \n<div class=\"kksr-stars\">\n    \n<div class=\"kksr-stars-inactive\">\n            <div class=\"kksr-star\" data-star=\"1\" style=\"padding-right: 5px\">\n            \n\n<div class=\"kksr-icon\" style=\"width: 24px; height: 24px;\"><\/div>\n        <\/div>\n            <div class=\"kksr-star\" data-star=\"2\" style=\"padding-right: 5px\">\n            \n\n<div class=\"kksr-icon\" style=\"width: 24px; height: 24px;\"><\/div>\n        <\/div>\n            <div class=\"kksr-star\" data-star=\"3\" style=\"padding-right: 5px\">\n            \n\n<div class=\"kksr-icon\" style=\"width: 24px; height: 24px;\"><\/div>\n        <\/div>\n            <div class=\"kksr-star\" data-star=\"4\" style=\"padding-right: 5px\">\n            \n\n<div class=\"kksr-icon\" style=\"width: 24px; height: 24px;\"><\/div>\n        <\/div>\n            <div class=\"kksr-star\" data-star=\"5\" style=\"padding-right: 5px\">\n            \n\n<div class=\"kksr-icon\" style=\"width: 24px; height: 24px;\"><\/div>\n        <\/div>\n    <\/div>\n    \n<div class=\"kksr-stars-active\" style=\"width: 0px;\">\n            <div class=\"kksr-star\" style=\"padding-right: 5px\">\n            \n\n<div class=\"kksr-icon\" style=\"width: 24px; height: 24px;\"><\/div>\n        <\/div>\n            <div class=\"kksr-star\" style=\"padding-right: 5px\">\n            \n\n<div class=\"kksr-icon\" style=\"width: 24px; height: 24px;\"><\/div>\n        <\/div>\n            <div class=\"kksr-star\" style=\"padding-right: 5px\">\n            \n\n<div class=\"kksr-icon\" style=\"width: 24px; height: 24px;\"><\/div>\n        <\/div>\n            <div class=\"kksr-star\" style=\"padding-right: 5px\">\n            \n\n<div class=\"kksr-icon\" style=\"width: 24px; height: 24px;\"><\/div>\n        <\/div>\n            <div class=\"kksr-star\" style=\"padding-right: 5px\">\n            \n\n<div class=\"kksr-icon\" style=\"width: 24px; height: 24px;\"><\/div>\n        <\/div>\n    <\/div>\n<\/div>\n                \n\n<div class=\"kksr-legend\" style=\"font-size: 19.2px;\">\n            <span class=\"kksr-muted\"><\/span>\n    <\/div>\n    <\/div>\n<p>Occupant un poste cl\u00e9 dans le secteur du logement social, le gestionnaire d\u2019immeuble est le premier interlocuteur des locataires. Acteur majeur de l\u2019habitat social, <strong>Erilia recrute<\/strong> actuellement des <strong>gestionnaires d\u2019immeuble<\/strong> dans plusieurs grandes villes de France.<\/p><!--more--><h2 class=\"wp-block-heading\" id=\"h-travailler-chez-erilia-pour-rejoindre-une-entreprise-responsable-et-engagee\">Travailler chez Erilia, pour rejoindre une entreprise responsable et engag\u00e9e<\/h2><p>Entreprise sociale pour l\u2019habitat (ESH), <strong>Erilia<\/strong> g\u00e8re pr\u00e8s de <strong>65 000 logements<\/strong> en France. L\u2019organisme fait partie du Groupe Habitat en R\u00e9gion, op\u00e9rateur d&rsquo;immobilier social des Caisses d&rsquo;\u00c9pargne et du Groupe BPCE. Il con\u00e7oit, construit et g\u00e8re des lieux de vie durables et des logements de qualit\u00e9, \u00e0 fort impact social, territorial et environnemental.\u00a0<\/p><div class=\"wp-block-image\"><figure class=\"aligncenter size-large\"><img decoding=\"async\" width=\"1024\" height=\"684\" src=\"https:\/\/www.monbailleur.fr\/offres-emploi\/wp-content\/uploads\/2023\/07\/qui_sommes_nous-1024x684.jpeg\" alt=\"cour int\u00e9rieure d'une r\u00e9sidence de logements sociaux, par le bailleur social Erilia\" class=\"wp-image-6776\" srcset=\"https:\/\/www.monbailleur.fr\/offres-emploi\/wp-content\/uploads\/2023\/07\/qui_sommes_nous-1024x684.jpeg 1024w, https:\/\/www.monbailleur.fr\/offres-emploi\/wp-content\/uploads\/2023\/07\/qui_sommes_nous-300x200.jpeg 300w, https:\/\/www.monbailleur.fr\/offres-emploi\/wp-content\/uploads\/2023\/07\/qui_sommes_nous-768x513.jpeg 768w, https:\/\/www.monbailleur.fr\/offres-emploi\/wp-content\/uploads\/2023\/07\/qui_sommes_nous-600x401.jpeg 600w, https:\/\/www.monbailleur.fr\/offres-emploi\/wp-content\/uploads\/2023\/07\/qui_sommes_nous.jpeg 1200w\" sizes=\"(max-width: 1024px) 100vw, 1024px\" \/><figcaption class=\"wp-element-caption\">Logements sociaux &#8211; Erilia<\/figcaption><\/figure><\/div><p>Le bailleur social emploie plus de <strong>900 collaborateurs<\/strong>, au sein de 5 directions r\u00e9gionales et de 19 agences. Indispensable pour proposer des services de qualit\u00e9 \u00e0 ses usagers, cette organisation lui permet \u00e9galement de garantir proximit\u00e9 et r\u00e9activit\u00e9 \u00e0 ses locataires et partenaires. Rejoindre les \u00e9quipes d\u2019Erilia permet d\u2019int\u00e9grer une <strong>entreprise engag\u00e9e, solidaire et responsable<\/strong>. Guid\u00e9s par des valeurs humanistes et une mission d\u2019int\u00e9r\u00eat g\u00e9n\u00e9ral, tous ses collaborateurs \u0153uvrent pour rendre le logement accessible \u00e0 tous.<\/p><p>Le bailleur recrute r\u00e9guli\u00e8rement de nouveaux talents. Ils profitent de conditions de travail avantageuses, avec notamment un parcours d\u2019int\u00e9gration sur mesure pendant les premi\u00e8res semaines. <a href=\"https:\/\/www.erilia.fr\/nous-rejoindre\" target=\"_blank\" rel=\"noreferrer noopener\">Travailler chez Erilia<\/a> permet aussi de profiter d\u2019autres avantages : une politique de r\u00e9mun\u00e9ration fixe sur 14 mois, des avantages sociaux, la possibilit\u00e9 de t\u00e9l\u00e9travailler, des formations r\u00e9guli\u00e8res (notamment pour les \u00e9quipes de proximit\u00e9), des entretiens professionnels, des possibilit\u00e9s d\u2019\u00e9volution et de mobilit\u00e9 interne\u2026<\/p><p>Erilia est par exemple la premi\u00e8re ESH \u00e0 avoir mis en place un <strong>parcours certifiant<\/strong> pour ses gestionnaires d\u2019immeuble (avec une certification de niveau V, reconnue par l\u2019Etat).<\/p><h2 class=\"wp-block-heading\">Plusieurs postes de gestionnaire d\u2019immeuble \u00e0 pourvoir, dans toute la France<\/h2><p>Pour <strong>renforcer ses \u00e9quipes<\/strong> sur diff\u00e9rents secteurs, Erilia recrute en ce moment plusieurs gestionnaires d\u2019immeuble. Essentiel dans le logement HLM, cet acteur de proximit\u00e9 intervient au c\u0153ur des r\u00e9sidences. Il est en lien direct avec les locataires et fait respecter le r\u00e8glement int\u00e9rieur. Le gestionnaire d\u2019immeuble repr\u00e9sente le bailleur social, et exerce plusieurs missions sur le terrain. Il g\u00e8re les r\u00e9clamations des locataires, r\u00e9alise les \u00e9tats des lieux d\u2019entr\u00e9e et de sortie, suit les travaux et surveille les \u00e9quipements techniques avec les \u00e9quipes internes.<\/p><div class=\"wp-block-image\"><figure class=\"aligncenter size-large\"><img decoding=\"async\" width=\"1024\" height=\"683\" src=\"https:\/\/www.monbailleur.fr\/offres-emploi\/wp-content\/uploads\/2023\/07\/Erilia_Offres_d_emploi-1024x683.jpeg\" alt=\"travailler chez erilia, pour exercer un m\u00e9tier utile et solidaire\" class=\"wp-image-6775\" srcset=\"https:\/\/www.monbailleur.fr\/offres-emploi\/wp-content\/uploads\/2023\/07\/Erilia_Offres_d_emploi-1024x683.jpeg 1024w, https:\/\/www.monbailleur.fr\/offres-emploi\/wp-content\/uploads\/2023\/07\/Erilia_Offres_d_emploi-300x200.jpeg 300w, https:\/\/www.monbailleur.fr\/offres-emploi\/wp-content\/uploads\/2023\/07\/Erilia_Offres_d_emploi-768x512.jpeg 768w, https:\/\/www.monbailleur.fr\/offres-emploi\/wp-content\/uploads\/2023\/07\/Erilia_Offres_d_emploi-1536x1024.jpeg 1536w, https:\/\/www.monbailleur.fr\/offres-emploi\/wp-content\/uploads\/2023\/07\/Erilia_Offres_d_emploi-600x400.jpeg 600w, https:\/\/www.monbailleur.fr\/offres-emploi\/wp-content\/uploads\/2023\/07\/Erilia_Offres_d_emploi.jpeg 2048w\" sizes=\"(max-width: 1024px) 100vw, 1024px\" \/><figcaption class=\"wp-element-caption\">Travailler chez Erilia<\/figcaption><\/figure><\/div><p>Mais ce professionnel polyvalent se voit \u00e9galement confier d\u2019autres missions. Plus qu\u2019un gardien d\u2019immeuble, il participe \u00e0 la <strong>commercialisation des logements<\/strong>. En plus de s\u2019occuper des visites, il renseigne les futurs occupants sur les prestations du logement, le fonctionnement de l\u2019immeuble, les services de proximit\u00e9 et les commodit\u00e9s du quartier\u2026<\/p><p>Pour mener \u00e0 bien toutes ses missions, le gestionnaire d\u2019immeuble doit \u00eatre organis\u00e9 et rigoureux. Il doit aussi avoir de bonnes <strong>capacit\u00e9s relationnelles<\/strong>, et un bon sens de l\u2019\u00e9coute. Diplomate et ferme, il doit \u00eatre capable de g\u00e9rer des situations conflictuelles.<\/p><p>Erilia diffuse actuellement des offres d\u2019emploi dans plusieurs villes de France, en CDD et CDI : \u00e0 Toulon, \u00e0 Antibes, \u00e0 Lyon, \u00e0 Vaulx-en-Velin, \u00e0 Istres, \u00e0 Marseille et \u00e0 Boulogne-Billancourt. D\u00e9couvrez toutes les <a href=\"https:\/\/www.monbailleur.fr\/offres-emploi\/entreprise\/ERILIA\" target=\"_blank\" rel=\"noreferrer noopener\">offres d\u2019emploi chez Erilia<\/a> sur notre plateforme, et consultez facilement la fiche de chaque poste !<\/p>","protected":false},"excerpt":{"rendered":"<p>Occupant un poste cl\u00e9 dans le secteur du logement social, le gestionnaire d\u2019immeuble est le premier interlocuteur des locataires. Acteur majeur de l\u2019habitat social, Erilia recrute actuellement des gestionnaires d\u2019immeuble dans plusieurs grandes villes de France.<\/p>\n","protected":false},"author":5,"featured_media":6774,"comment_status":"open","ping_status":"open","sticky":false,"template":"","format":"standard","meta":{"footnotes":""},"categories":[75],"tags":[],"class_list":["post-6773","post","type-post","status-publish","format-standard","has-post-thumbnail","hentry","category-actu"],"yoast_head":"<!-- This site is optimized with the Yoast SEO Premium plugin v22.4 (Yoast SEO v25.1) - https:\/\/yoast.com\/wordpress\/plugins\/seo\/ -->\n<title>Gestionnaire d&#039;immeuble : plusieurs postes \u00e0 pourvoir chez Erilia\u00a0<\/title>\n<meta name=\"description\" content=\"Acteur majeur de l\u2019habitat social, Erilia recrute actuellement des gestionnaires d\u2019immeuble dans plusieurs grandes villes de France.\" \/>\n<meta name=\"robots\" content=\"index, follow, max-snippet:-1, max-image-preview:large, max-video-preview:-1\" \/>\n<link rel=\"canonical\" href=\"https:\/\/www.monbailleur.fr\/offres-emploi\/actu\/erilia-recrute-gestionnaire-immeuble\" \/>\n<meta property=\"og:locale\" content=\"fr_FR\" \/>\n<meta property=\"og:type\" content=\"article\" \/>\n<meta property=\"og:title\" content=\"Gestionnaire d\u2019immeuble : plusieurs postes \u00e0 pourvoir chez Erilia\u00a0\" \/>\n<meta property=\"og:description\" content=\"Acteur majeur de l\u2019habitat social, Erilia recrute actuellement des gestionnaires d\u2019immeuble dans plusieurs grandes villes de France.\" \/>\n<meta property=\"og:url\" content=\"https:\/\/www.monbailleur.fr\/offres-emploi\/actu\/erilia-recrute-gestionnaire-immeuble\" \/>\n<meta property=\"og:site_name\" content=\"Monbailleur.fr - Emploi\" \/>\n<meta property=\"article:published_time\" content=\"2023-08-07T11:44:12+00:00\" \/>\n<meta property=\"article:modified_time\" content=\"2023-08-07T11:44:15+00:00\" \/>\n<meta property=\"og:image\" content=\"https:\/\/www.monbailleur.fr\/offres-emploi\/wp-content\/uploads\/2023\/07\/Erilia_logo_2021-263x150-1.png\" \/>\n\t<meta property=\"og:image:width\" content=\"263\" \/>\n\t<meta property=\"og:image:height\" content=\"150\" \/>\n\t<meta property=\"og:image:type\" content=\"image\/png\" \/>\n<meta name=\"author\" content=\"Anna De Gouyon Matignon\" \/>\n<meta name=\"twitter:card\" content=\"summary_large_image\" \/>\n<meta name=\"twitter:label1\" content=\"\u00c9crit par\" \/>\n\t<meta name=\"twitter:data1\" content=\"Anna De Gouyon Matignon\" \/>\n\t<meta name=\"twitter:label2\" content=\"Dur\u00e9e de lecture estim\u00e9e\" \/>\n\t<meta name=\"twitter:data2\" content=\"4 minutes\" \/>\n<script type=\"application\/ld+json\" class=\"yoast-schema-graph\">{\"@context\":\"https:\/\/schema.org\",\"@graph\":[{\"@type\":\"Article\",\"@id\":\"https:\/\/www.monbailleur.fr\/offres-emploi\/actu\/erilia-recrute-gestionnaire-immeuble#article\",\"isPartOf\":{\"@id\":\"https:\/\/www.monbailleur.fr\/offres-emploi\/actu\/erilia-recrute-gestionnaire-immeuble\"},\"author\":{\"name\":\"Anna De Gouyon Matignon\",\"@id\":\"https:\/\/www.monbailleur.fr\/offres-emploi\/#\/schema\/person\/0490927abb4c2d7770e99d7d2e6f009b\"},\"headline\":\"Gestionnaire d\u2019immeuble : plusieurs postes \u00e0 pourvoir chez Erilia\u00a0\",\"datePublished\":\"2023-08-07T11:44:12+00:00\",\"dateModified\":\"2023-08-07T11:44:15+00:00\",\"mainEntityOfPage\":{\"@id\":\"https:\/\/www.monbailleur.fr\/offres-emploi\/actu\/erilia-recrute-gestionnaire-immeuble\"},\"wordCount\":570,\"commentCount\":0,\"publisher\":{\"@id\":\"https:\/\/www.monbailleur.fr\/offres-emploi\/#organization\"},\"image\":{\"@id\":\"https:\/\/www.monbailleur.fr\/offres-emploi\/actu\/erilia-recrute-gestionnaire-immeuble#primaryimage\"},\"thumbnailUrl\":\"https:\/\/www.monbailleur.fr\/offres-emploi\/wp-content\/uploads\/2023\/07\/Erilia_logo_2021-263x150-1.png\",\"articleSection\":[\"Actualit\u00e9s du recrutement\"],\"inLanguage\":\"fr-FR\",\"potentialAction\":[{\"@type\":\"CommentAction\",\"name\":\"Comment\",\"target\":[\"https:\/\/www.monbailleur.fr\/offres-emploi\/actu\/erilia-recrute-gestionnaire-immeuble#respond\"]}]},{\"@type\":\"WebPage\",\"@id\":\"https:\/\/www.monbailleur.fr\/offres-emploi\/actu\/erilia-recrute-gestionnaire-immeuble\",\"url\":\"https:\/\/www.monbailleur.fr\/offres-emploi\/actu\/erilia-recrute-gestionnaire-immeuble\",\"name\":\"Gestionnaire d'immeuble : plusieurs postes \u00e0 pourvoir chez Erilia\u00a0\",\"isPartOf\":{\"@id\":\"https:\/\/www.monbailleur.fr\/offres-emploi\/#website\"},\"primaryImageOfPage\":{\"@id\":\"https:\/\/www.monbailleur.fr\/offres-emploi\/actu\/erilia-recrute-gestionnaire-immeuble#primaryimage\"},\"image\":{\"@id\":\"https:\/\/www.monbailleur.fr\/offres-emploi\/actu\/erilia-recrute-gestionnaire-immeuble#primaryimage\"},\"thumbnailUrl\":\"https:\/\/www.monbailleur.fr\/offres-emploi\/wp-content\/uploads\/2023\/07\/Erilia_logo_2021-263x150-1.png\",\"datePublished\":\"2023-08-07T11:44:12+00:00\",\"dateModified\":\"2023-08-07T11:44:15+00:00\",\"description\":\"Acteur majeur de l\u2019habitat social, Erilia recrute actuellement des gestionnaires d\u2019immeuble dans plusieurs grandes villes de France.\",\"breadcrumb\":{\"@id\":\"https:\/\/www.monbailleur.fr\/offres-emploi\/actu\/erilia-recrute-gestionnaire-immeuble#breadcrumb\"},\"inLanguage\":\"fr-FR\",\"potentialAction\":[{\"@type\":\"ReadAction\",\"target\":[\"https:\/\/www.monbailleur.fr\/offres-emploi\/actu\/erilia-recrute-gestionnaire-immeuble\"]}]},{\"@type\":\"ImageObject\",\"inLanguage\":\"fr-FR\",\"@id\":\"https:\/\/www.monbailleur.fr\/offres-emploi\/actu\/erilia-recrute-gestionnaire-immeuble#primaryimage\",\"url\":\"https:\/\/www.monbailleur.fr\/offres-emploi\/wp-content\/uploads\/2023\/07\/Erilia_logo_2021-263x150-1.png\",\"contentUrl\":\"https:\/\/www.monbailleur.fr\/offres-emploi\/wp-content\/uploads\/2023\/07\/Erilia_logo_2021-263x150-1.png\",\"width\":263,\"height\":150,\"caption\":\"Erilia\"},{\"@type\":\"BreadcrumbList\",\"@id\":\"https:\/\/www.monbailleur.fr\/offres-emploi\/actu\/erilia-recrute-gestionnaire-immeuble#breadcrumb\",\"itemListElement\":[{\"@type\":\"ListItem\",\"position\":1,\"name\":\"Accueil\",\"item\":\"https:\/\/www.monbailleur.fr\/offres-emploi\/\"},{\"@type\":\"ListItem\",\"position\":2,\"name\":\"Actualit\u00e9s du recrutement\",\"item\":\"https:\/\/www.monbailleur.fr\/offres-emploi\/categorie\/actu\"},{\"@type\":\"ListItem\",\"position\":3,\"name\":\"Gestionnaire d\u2019immeuble : plusieurs postes \u00e0 pourvoir chez Erilia\u00a0\"}]},{\"@type\":\"WebSite\",\"@id\":\"https:\/\/www.monbailleur.fr\/offres-emploi\/#website\",\"url\":\"https:\/\/www.monbailleur.fr\/offres-emploi\/\",\"name\":\"Monbailleur.fr - Emploi\",\"description\":\"Les offres d&#039;emploi du logement social\",\"publisher\":{\"@id\":\"https:\/\/www.monbailleur.fr\/offres-emploi\/#organization\"},\"potentialAction\":[{\"@type\":\"SearchAction\",\"target\":{\"@type\":\"EntryPoint\",\"urlTemplate\":\"https:\/\/www.monbailleur.fr\/offres-emploi\/?s={search_term_string}\"},\"query-input\":{\"@type\":\"PropertyValueSpecification\",\"valueRequired\":true,\"valueName\":\"search_term_string\"}}],\"inLanguage\":\"fr-FR\"},{\"@type\":\"Organization\",\"@id\":\"https:\/\/www.monbailleur.fr\/offres-emploi\/#organization\",\"name\":\"Monbailleur.fr - Emploi\",\"url\":\"https:\/\/www.monbailleur.fr\/offres-emploi\/\",\"logo\":{\"@type\":\"ImageObject\",\"inLanguage\":\"fr-FR\",\"@id\":\"https:\/\/www.monbailleur.fr\/offres-emploi\/#\/schema\/logo\/image\/\",\"url\":\"https:\/\/www.monbailleur.fr\/offres-emploi\/wp-content\/uploads\/2023\/06\/MonBailleur-1200x675-1.png\",\"contentUrl\":\"https:\/\/www.monbailleur.fr\/offres-emploi\/wp-content\/uploads\/2023\/06\/MonBailleur-1200x675-1.png\",\"width\":1200,\"height\":675,\"caption\":\"Monbailleur.fr - Emploi\"},\"image\":{\"@id\":\"https:\/\/www.monbailleur.fr\/offres-emploi\/#\/schema\/logo\/image\/\"}},{\"@type\":\"Person\",\"@id\":\"https:\/\/www.monbailleur.fr\/offres-emploi\/#\/schema\/person\/0490927abb4c2d7770e99d7d2e6f009b\",\"name\":\"Anna De Gouyon Matignon\",\"image\":{\"@type\":\"ImageObject\",\"inLanguage\":\"fr-FR\",\"@id\":\"https:\/\/www.monbailleur.fr\/offres-emploi\/#\/schema\/person\/image\/\",\"url\":\"https:\/\/secure.gravatar.com\/avatar\/97a6594b963a1083033e0377d3282146932874af426cfbb94b136e67991a5638?s=96&d=mm&r=g\",\"contentUrl\":\"https:\/\/secure.gravatar.com\/avatar\/97a6594b963a1083033e0377d3282146932874af426cfbb94b136e67991a5638?s=96&d=mm&r=g\",\"caption\":\"Anna De Gouyon Matignon\"},\"url\":\"https:\/\/www.monbailleur.fr\/offres-emploi\/author\/annadegouyonmatignon\"}]}<\/script>\n<!-- \/ Yoast SEO Premium plugin. -->","yoast_head_json":{"title":"Gestionnaire d'immeuble : plusieurs postes \u00e0 pourvoir chez Erilia\u00a0","description":"Acteur majeur de l\u2019habitat social, Erilia recrute actuellement des gestionnaires d\u2019immeuble dans plusieurs grandes villes de France.","robots":{"index":"index","follow":"follow","max-snippet":"max-snippet:-1","max-image-preview":"max-image-preview:large","max-video-preview":"max-video-preview:-1"},"canonical":"https:\/\/www.monbailleur.fr\/offres-emploi\/actu\/erilia-recrute-gestionnaire-immeuble","og_locale":"fr_FR","og_type":"article","og_title":"Gestionnaire d\u2019immeuble : plusieurs postes \u00e0 pourvoir chez Erilia\u00a0","og_description":"Acteur majeur de l\u2019habitat social, Erilia recrute actuellement des gestionnaires d\u2019immeuble dans plusieurs grandes villes de France.","og_url":"https:\/\/www.monbailleur.fr\/offres-emploi\/actu\/erilia-recrute-gestionnaire-immeuble","og_site_name":"Monbailleur.fr - Emploi","article_published_time":"2023-08-07T11:44:12+00:00","article_modified_time":"2023-08-07T11:44:15+00:00","og_image":[{"width":263,"height":150,"url":"https:\/\/www.monbailleur.fr\/offres-emploi\/wp-content\/uploads\/2023\/07\/Erilia_logo_2021-263x150-1.png","type":"image\/png"}],"author":"Anna De Gouyon Matignon","twitter_card":"summary_large_image","twitter_misc":{"\u00c9crit par":"Anna De Gouyon Matignon","Dur\u00e9e de lecture estim\u00e9e":"4 minutes"},"schema":{"@context":"https:\/\/schema.org","@graph":[{"@type":"Article","@id":"https:\/\/www.monbailleur.fr\/offres-emploi\/actu\/erilia-recrute-gestionnaire-immeuble#article","isPartOf":{"@id":"https:\/\/www.monbailleur.fr\/offres-emploi\/actu\/erilia-recrute-gestionnaire-immeuble"},"author":{"name":"Anna De Gouyon Matignon","@id":"https:\/\/www.monbailleur.fr\/offres-emploi\/#\/schema\/person\/0490927abb4c2d7770e99d7d2e6f009b"},"headline":"Gestionnaire d\u2019immeuble : plusieurs postes \u00e0 pourvoir chez Erilia\u00a0","datePublished":"2023-08-07T11:44:12+00:00","dateModified":"2023-08-07T11:44:15+00:00","mainEntityOfPage":{"@id":"https:\/\/www.monbailleur.fr\/offres-emploi\/actu\/erilia-recrute-gestionnaire-immeuble"},"wordCount":570,"commentCount":0,"publisher":{"@id":"https:\/\/www.monbailleur.fr\/offres-emploi\/#organization"},"image":{"@id":"https:\/\/www.monbailleur.fr\/offres-emploi\/actu\/erilia-recrute-gestionnaire-immeuble#primaryimage"},"thumbnailUrl":"https:\/\/www.monbailleur.fr\/offres-emploi\/wp-content\/uploads\/2023\/07\/Erilia_logo_2021-263x150-1.png","articleSection":["Actualit\u00e9s du recrutement"],"inLanguage":"fr-FR","potentialAction":[{"@type":"CommentAction","name":"Comment","target":["https:\/\/www.monbailleur.fr\/offres-emploi\/actu\/erilia-recrute-gestionnaire-immeuble#respond"]}]},{"@type":"WebPage","@id":"https:\/\/www.monbailleur.fr\/offres-emploi\/actu\/erilia-recrute-gestionnaire-immeuble","url":"https:\/\/www.monbailleur.fr\/offres-emploi\/actu\/erilia-recrute-gestionnaire-immeuble","name":"Gestionnaire d'immeuble : plusieurs postes \u00e0 pourvoir chez Erilia\u00a0","isPartOf":{"@id":"https:\/\/www.monbailleur.fr\/offres-emploi\/#website"},"primaryImageOfPage":{"@id":"https:\/\/www.monbailleur.fr\/offres-emploi\/actu\/erilia-recrute-gestionnaire-immeuble#primaryimage"},"image":{"@id":"https:\/\/www.monbailleur.fr\/offres-emploi\/actu\/erilia-recrute-gestionnaire-immeuble#primaryimage"},"thumbnailUrl":"https:\/\/www.monbailleur.fr\/offres-emploi\/wp-content\/uploads\/2023\/07\/Erilia_logo_2021-263x150-1.png","datePublished":"2023-08-07T11:44:12+00:00","dateModified":"2023-08-07T11:44:15+00:00","description":"Acteur majeur de l\u2019habitat social, Erilia recrute actuellement des gestionnaires d\u2019immeuble dans plusieurs grandes villes de France.","breadcrumb":{"@id":"https:\/\/www.monbailleur.fr\/offres-emploi\/actu\/erilia-recrute-gestionnaire-immeuble#breadcrumb"},"inLanguage":"fr-FR","potentialAction":[{"@type":"ReadAction","target":["https:\/\/www.monbailleur.fr\/offres-emploi\/actu\/erilia-recrute-gestionnaire-immeuble"]}]},{"@type":"ImageObject","inLanguage":"fr-FR","@id":"https:\/\/www.monbailleur.fr\/offres-emploi\/actu\/erilia-recrute-gestionnaire-immeuble#primaryimage","url":"https:\/\/www.monbailleur.fr\/offres-emploi\/wp-content\/uploads\/2023\/07\/Erilia_logo_2021-263x150-1.png","contentUrl":"https:\/\/www.monbailleur.fr\/offres-emploi\/wp-content\/uploads\/2023\/07\/Erilia_logo_2021-263x150-1.png","width":263,"height":150,"caption":"Erilia"},{"@type":"BreadcrumbList","@id":"https:\/\/www.monbailleur.fr\/offres-emploi\/actu\/erilia-recrute-gestionnaire-immeuble#breadcrumb","itemListElement":[{"@type":"ListItem","position":1,"name":"Accueil","item":"https:\/\/www.monbailleur.fr\/offres-emploi\/"},{"@type":"ListItem","position":2,"name":"Actualit\u00e9s du recrutement","item":"https:\/\/www.monbailleur.fr\/offres-emploi\/categorie\/actu"},{"@type":"ListItem","position":3,"name":"Gestionnaire d\u2019immeuble : plusieurs postes \u00e0 pourvoir chez Erilia\u00a0"}]},{"@type":"WebSite","@id":"https:\/\/www.monbailleur.fr\/offres-emploi\/#website","url":"https:\/\/www.monbailleur.fr\/offres-emploi\/","name":"Monbailleur.fr - Emploi","description":"Les offres d&#039;emploi du logement social","publisher":{"@id":"https:\/\/www.monbailleur.fr\/offres-emploi\/#organization"},"potentialAction":[{"@type":"SearchAction","target":{"@type":"EntryPoint","urlTemplate":"https:\/\/www.monbailleur.fr\/offres-emploi\/?s={search_term_string}"},"query-input":{"@type":"PropertyValueSpecification","valueRequired":true,"valueName":"search_term_string"}}],"inLanguage":"fr-FR"},{"@type":"Organization","@id":"https:\/\/www.monbailleur.fr\/offres-emploi\/#organization","name":"Monbailleur.fr - Emploi","url":"https:\/\/www.monbailleur.fr\/offres-emploi\/","logo":{"@type":"ImageObject","inLanguage":"fr-FR","@id":"https:\/\/www.monbailleur.fr\/offres-emploi\/#\/schema\/logo\/image\/","url":"https:\/\/www.monbailleur.fr\/offres-emploi\/wp-content\/uploads\/2023\/06\/MonBailleur-1200x675-1.png","contentUrl":"https:\/\/www.monbailleur.fr\/offres-emploi\/wp-content\/uploads\/2023\/06\/MonBailleur-1200x675-1.png","width":1200,"height":675,"caption":"Monbailleur.fr - Emploi"},"image":{"@id":"https:\/\/www.monbailleur.fr\/offres-emploi\/#\/schema\/logo\/image\/"}},{"@type":"Person","@id":"https:\/\/www.monbailleur.fr\/offres-emploi\/#\/schema\/person\/0490927abb4c2d7770e99d7d2e6f009b","name":"Anna De Gouyon Matignon","image":{"@type":"ImageObject","inLanguage":"fr-FR","@id":"https:\/\/www.monbailleur.fr\/offres-emploi\/#\/schema\/person\/image\/","url":"https:\/\/secure.gravatar.com\/avatar\/97a6594b963a1083033e0377d3282146932874af426cfbb94b136e67991a5638?s=96&d=mm&r=g","contentUrl":"https:\/\/secure.gravatar.com\/avatar\/97a6594b963a1083033e0377d3282146932874af426cfbb94b136e67991a5638?s=96&d=mm&r=g","caption":"Anna De Gouyon Matignon"},"url":"https:\/\/www.monbailleur.fr\/offres-emploi\/author\/annadegouyonmatignon"}]}},"jetpack_featured_media_url":"https:\/\/www.monbailleur.fr\/offres-emploi\/wp-content\/uploads\/2023\/07\/Erilia_logo_2021-263x150-1.png","_links":{"self":[{"href":"https:\/\/www.monbailleur.fr\/offres-emploi\/wp-json\/wp\/v2\/posts\/6773","targetHints":{"allow":["GET"]}}],"collection":[{"href":"https:\/\/www.monbailleur.fr\/offres-emploi\/wp-json\/wp\/v2\/posts"}],"about":[{"href":"https:\/\/www.monbailleur.fr\/offres-emploi\/wp-json\/wp\/v2\/types\/post"}],"author":[{"embeddable":true,"href":"https:\/\/www.monbailleur.fr\/offres-emploi\/wp-json\/wp\/v2\/users\/5"}],"replies":[{"embeddable":true,"href":"https:\/\/www.monbailleur.fr\/offres-emploi\/wp-json\/wp\/v2\/comments?post=6773"}],"version-history":[{"count":2,"href":"https:\/\/www.monbailleur.fr\/offres-emploi\/wp-json\/wp\/v2\/posts\/6773\/revisions"}],"predecessor-version":[{"id":7308,"href":"https:\/\/www.monbailleur.fr\/offres-emploi\/wp-json\/wp\/v2\/posts\/6773\/revisions\/7308"}],"wp:featuredmedia":[{"embeddable":true,"href":"https:\/\/www.monbailleur.fr\/offres-emploi\/wp-json\/wp\/v2\/media\/6774"}],"wp:attachment":[{"href":"https:\/\/www.monbailleur.fr\/offres-emploi\/wp-json\/wp\/v2\/media?parent=6773"}],"wp:term":[{"taxonomy":"category","embeddable":true,"href":"https:\/\/www.monbailleur.fr\/offres-emploi\/wp-json\/wp\/v2\/categories?post=6773"},{"taxonomy":"post_tag","embeddable":true,"href":"https:\/\/www.monbailleur.fr\/offres-emploi\/wp-json\/wp\/v2\/tags?post=6773"}],"curies":[{"name":"wp","href":"https:\/\/api.w.org\/{rel}","templated":true}]}}